{"id":4427,"date":"2020-02-05T15:41:38","date_gmt":"2020-02-05T15:41:38","guid":{"rendered":"https:\/\/aapas.org.ar\/portal\/?p=4427"},"modified":"2020-02-05T15:41:38","modified_gmt":"2020-02-05T15:41:38","slug":"nueva-designacion-en-mapfre-argentina-3","status":"publish","type":"post","link":"https:\/\/aapas.org.ar\/portal\/2020\/02\/05\/nueva-designacion-en-mapfre-argentina-3\/","title":{"rendered":"NUEVA DESIGNACI\u00d3N EN MAPFRE ARGENTINA"},"content":{"rendered":"<p>MAPFRE ARGENTINA design\u00f3 a Alejandro Miranda como Director T\u00e9cnico de la compa\u00f1\u00eda.<\/p>\n<p><strong><em>\u00a0<\/em><\/strong>Alejandro es Licenciado en Administraci\u00f3n y Gesti\u00f3n Empresarial, egresado de la Universidad Nacional de San Mart\u00edn. Ingres\u00f3 a MAPFRE en 1998 y comenz\u00f3 su carrera como Administrativo en el \u00e1rea de Suscripci\u00f3n de Autos. Fue ascendido a Suscriptor y posteriormente a Supervisor. En 2006 fue nombrado Jefe de suscripci\u00f3n de Autom\u00f3viles, posici\u00f3n que ocup\u00f3 hasta agosto 2015, a\u00f1o en que fue promovido a Gerente de la Regi\u00f3n Litoral &#8211; NEA y Cuyo. En 2018 fue designado Director Comercial, cargo que desarroll\u00f3 hasta su reciente designaci\u00f3n.<\/p>\n","protected":false},"excerpt":{"rendered":"<p>MAPFRE ARGENTINA design\u00f3 a Alejandro Miranda como Director T\u00e9cnico de la compa\u00f1\u00eda. \u00a0Alejandro es Licenciado en Administraci\u00f3n y Gesti\u00f3n Empresarial, egresado de la Universidad Nacional de San Mart\u00edn. Ingres\u00f3 a MAPFRE en 1998 y comenz\u00f3 su carrera como Administrativo en el \u00e1rea de Suscripci\u00f3n de Autos. Fue ascendido a Suscriptor y posteriormente a Supervisor. En&#8230; <\/p>\n<div class=\"link-more\"><a href=\"https:\/\/aapas.org.ar\/portal\/2020\/02\/05\/nueva-designacion-en-mapfre-argentina-3\/\">Lea m\u00e1s<\/a><\/div>\n","protected":false},"author":1,"featured_media":4428,"comment_status":"closed","ping_status":"closed","sticky":false,"template":"","format":"image","meta":{"_jetpack_memberships_contains_paid_content":false,"footnotes":""},"categories":[7,16],"tags":[],"class_list":["post-4427","post","type-post","status-publish","format-image","has-post-thumbnail","hentry","category-noticias","category-novedades-en-el-mundo-del-seguro","post_format-post-format-image"],"jetpack_featured_media_url":"https:\/\/aapas.org.ar\/portal\/wp-content\/uploads\/2020\/02\/Alejandro-Miranda.jpg","jetpack_sharing_enabled":true,"rttpg_featured_image_url":{"full":["https:\/\/aapas.org.ar\/portal\/wp-content\/uploads\/2020\/02\/Alejandro-Miranda.jpg",1377,2448,false],"landscape":["https:\/\/aapas.org.ar\/portal\/wp-content\/uploads\/2020\/02\/Alejandro-Miranda.jpg",1377,2448,false],"portraits":["https:\/\/aapas.org.ar\/portal\/wp-content\/uploads\/2020\/02\/Alejandro-Miranda.jpg",1377,2448,false],"thumbnail":["https:\/\/aapas.org.ar\/portal\/wp-content\/uploads\/2020\/02\/Alejandro-Miranda-150x150.jpg",150,150,true],"medium":["https:\/\/aapas.org.ar\/portal\/wp-content\/uploads\/2020\/02\/Alejandro-Miranda-169x300.jpg",169,300,true],"large":["https:\/\/aapas.org.ar\/portal\/wp-content\/uploads\/2020\/02\/Alejandro-Miranda-576x1024.jpg",576,1024,true],"1536x1536":["https:\/\/aapas.org.ar\/portal\/wp-content\/uploads\/2020\/02\/Alejandro-Miranda.jpg",864,1536,false],"2048x2048":["https:\/\/aapas.org.ar\/portal\/wp-content\/uploads\/2020\/02\/Alejandro-Miranda.jpg",1152,2048,false],"dyad-banner":["https:\/\/aapas.org.ar\/portal\/wp-content\/uploads\/2020\/02\/Alejandro-Miranda-1377x720.jpg",1377,720,true],"dyad-thumbnails":["https:\/\/aapas.org.ar\/portal\/wp-content\/uploads\/2020\/02\/Alejandro-Miranda-630x840.jpg",630,840,true],"dyad-featured-image":["https:\/\/aapas.org.ar\/portal\/wp-content\/uploads\/2020\/02\/Alejandro-Miranda-960x1280.jpg",960,1280,true],"dyad-featured-image-horz":["https:\/\/aapas.org.ar\/portal\/wp-content\/uploads\/2020\/02\/Alejandro-Miranda-960x640.jpg",960,640,true],"dyad-site-logo":["https:\/\/aapas.org.ar\/portal\/wp-content\/uploads\/2020\/02\/Alejandro-Miranda-169x300.jpg",169,300,true]},"rttpg_author":{"display_name":"AAPAS","author_link":"https:\/\/aapas.org.ar\/portal\/author\/aapas_44dyx0\/"},"rttpg_comment":0,"rttpg_category":"<a href=\"https:\/\/aapas.org.ar\/portal\/category\/noticias\/\" rel=\"category tag\">Noticias<\/a> <a href=\"https:\/\/aapas.org.ar\/portal\/category\/noticias\/novedades-en-el-mundo-del-seguro\/\" rel=\"category tag\">Novedades en el mundo del seguro<\/a>","rttpg_excerpt":"MAPFRE ARGENTINA design\u00f3 a Alejandro Miranda como Director T\u00e9cnico de la compa\u00f1\u00eda. \u00a0Alejandro es Licenciado en Administraci\u00f3n y Gesti\u00f3n Empresarial, egresado de la Universidad Nacional de San Mart\u00edn. Ingres\u00f3 a MAPFRE en 1998 y comenz\u00f3 su carrera como Administrativo en el \u00e1rea de Suscripci\u00f3n de Autos. Fue ascendido a Suscriptor y posteriormente a Supervisor. En...&hellip;","_links":{"self":[{"href":"https:\/\/aapas.org.ar\/portal\/wp-json\/wp\/v2\/posts\/4427","targetHints":{"allow":["GET"]}}],"collection":[{"href":"https:\/\/aapas.org.ar\/portal\/wp-json\/wp\/v2\/posts"}],"about":[{"href":"https:\/\/aapas.org.ar\/portal\/wp-json\/wp\/v2\/types\/post"}],"author":[{"embeddable":true,"href":"https:\/\/aapas.org.ar\/portal\/wp-json\/wp\/v2\/users\/1"}],"replies":[{"embeddable":true,"href":"https:\/\/aapas.org.ar\/portal\/wp-json\/wp\/v2\/comments?post=4427"}],"version-history":[{"count":1,"href":"https:\/\/aapas.org.ar\/portal\/wp-json\/wp\/v2\/posts\/4427\/revisions"}],"predecessor-version":[{"id":4429,"href":"https:\/\/aapas.org.ar\/portal\/wp-json\/wp\/v2\/posts\/4427\/revisions\/4429"}],"wp:featuredmedia":[{"embeddable":true,"href":"https:\/\/aapas.org.ar\/portal\/wp-json\/wp\/v2\/media\/4428"}],"wp:attachment":[{"href":"https:\/\/aapas.org.ar\/portal\/wp-json\/wp\/v2\/media?parent=4427"}],"wp:term":[{"taxonomy":"category","embeddable":true,"href":"https:\/\/aapas.org.ar\/portal\/wp-json\/wp\/v2\/categories?post=4427"},{"taxonomy":"post_tag","embeddable":true,"href":"https:\/\/aapas.org.ar\/portal\/wp-json\/wp\/v2\/tags?post=4427"}],"curies":[{"name":"wp","href":"https:\/\/api.w.org\/{rel}","templated":true}]}}