{"id":5140,"date":"2020-06-11T15:41:35","date_gmt":"2020-06-11T15:41:35","guid":{"rendered":"https:\/\/aapas.org.ar\/portal\/?p=5140"},"modified":"2020-06-11T17:39:48","modified_gmt":"2020-06-11T17:39:48","slug":"aapas-presento-la-comision-de-sociedades-a-la-uart-union-de-aseguradoras-de-riesgo-del-trabajo","status":"publish","type":"post","link":"https:\/\/aapas.org.ar\/portal\/2020\/06\/11\/aapas-presento-la-comision-de-sociedades-a-la-uart-union-de-aseguradoras-de-riesgo-del-trabajo\/","title":{"rendered":"AAPAS present\u00f3 la Comisi\u00f3n de Sociedades a la UART (Uni\u00f3n de Aseguradoras de Riesgo del Trabajo)"},"content":{"rendered":"<p><span style=\"font-weight: 400;\">A la reuni\u00f3n asistieron en representaci\u00f3n de la UART: \u00a0 Mara Bettiol, Presidente, Guillermo Davi, Vicepresidente (Prevenci\u00f3n ART), miembros del consejo directivo: Daniel Arias (Swiss Medical Group) , Julia Balestrini (Provincia ART), Leandro Anzoategui (Federaci\u00f3n Patronal), Daniel Piveti (Omint). Por SOCIEDADES: Mariano De Luca (SMSV Asesores de Seguros), Marcelo Monta\u00f1ez (Grupo Megapro), Hugo Tito (National Broker), Guillermo Alonso (Martinez Sosa), Juan Manuel Manganaro (Gaman), Marcelo Montoya y Luis Coviella (Net Broker), Gregorio Sanchez (Alea), Pablo y Clarisa Lughning (Visred), Jorge Menendez (TMG), Sebastian Del Brutto (segurosdeart.com). Por el lado de AAPAS: Roberto Saba, Francisco Fari\u00f1a. En car\u00e1cter de invitados : Mart\u00edn Campos,\u00a0 Alejandro Aguirre (Norden Broker), Marcelo Rodriguez (Risk Group), Luiz Gonzalez (Artai), Tomas Sinclair (Gamasi), Federico D\u00b4Antonio (Larrateguy br\u00f3ker),\u00a0 Mariana Lauro (Lauro asesores br\u00f3ker de seguros)<\/span><\/p>\n<p><span style=\"font-weight: 400;\">Durante el encuentro se present\u00f3 ante la UART la Comisi\u00f3n de Sociedades de AAPAS destacando que se dar\u00e1 especial apoyo a aquellas compa\u00f1\u00edas que prioricen la intermediaci\u00f3n de Brokers y Productores Asesores de Seguros. Adem\u00e1s, los presentes reflexionaron sobre la coyuntura actual de las ART y sus implicancias durante el periodo pandemia. La UART explic\u00f3 que cuenta con un fondo especial para estos casos y que puede hacer frente a la situaci\u00f3n. Por otro lado, la ca\u00edda en la cobranzas de las primas devengadas fue menor a la esperada posicion\u00e1ndose entre un 20% a 30% , similar caso fue para las n\u00f3minas de personal.<\/span><\/p>\n<p><span style=\"font-weight: 400;\">Ante la propuesta de la incorporaci\u00f3n de los monotributistas y aut\u00f3nomos al r\u00e9gimen de ART, la UART manifest\u00f3 que dicho proyecto se present\u00f3 hace dos a\u00f1os y se reiter\u00f3 nuevamente a este gobierno. En el pr\u00f3ximo encuentro a pedido de la Comisi\u00f3n de Sociedades, la UART presentar\u00e1 un informe financiero de las compa\u00f1\u00edas e informaci\u00f3n de la situaci\u00f3n global del mercado de ART.<\/span><\/p>\n<p><img loading=\"lazy\" decoding=\"async\" class=\"aligncenter wp-image-5141 size-medium_large\" src=\"https:\/\/aapas.org.ar\/portal\/wp-content\/uploads\/2020\/06\/Dise\u00f1o-sin-t\u00edtulo-12-768x768.png\" alt=\"\" width=\"768\" height=\"768\" srcset=\"https:\/\/aapas.org.ar\/portal\/wp-content\/uploads\/2020\/06\/Dise\u00f1o-sin-t\u00edtulo-12-768x768.png 768w, https:\/\/aapas.org.ar\/portal\/wp-content\/uploads\/2020\/06\/Dise\u00f1o-sin-t\u00edtulo-12-150x150.png 150w, https:\/\/aapas.org.ar\/portal\/wp-content\/uploads\/2020\/06\/Dise\u00f1o-sin-t\u00edtulo-12-300x300.png 300w, https:\/\/aapas.org.ar\/portal\/wp-content\/uploads\/2020\/06\/Dise\u00f1o-sin-t\u00edtulo-12-1024x1024.png 1024w, https:\/\/aapas.org.ar\/portal\/wp-content\/uploads\/2020\/06\/Dise\u00f1o-sin-t\u00edtulo-12.png 1080w\" sizes=\"auto, (max-width: 768px) 100vw, 768px\" \/><\/p>\n","protected":false},"excerpt":{"rendered":"<p>A la reuni\u00f3n asistieron en representaci\u00f3n de la UART: \u00a0 Mara Bettiol, Presidente, Guillermo Davi, Vicepresidente (Prevenci\u00f3n ART), miembros del consejo directivo: Daniel Arias (Swiss Medical Group) , Julia Balestrini (Provincia ART), Leandro Anzoategui (Federaci\u00f3n Patronal), Daniel Piveti (Omint). Por SOCIEDADES: Mariano De Luca (SMSV Asesores de Seguros), Marcelo Monta\u00f1ez (Grupo Megapro), Hugo Tito (National&#8230; <\/p>\n<div class=\"link-more\"><a href=\"https:\/\/aapas.org.ar\/portal\/2020\/06\/11\/aapas-presento-la-comision-de-sociedades-a-la-uart-union-de-aseguradoras-de-riesgo-del-trabajo\/\">Lea m\u00e1s<\/a><\/div>\n","protected":false},"author":1,"featured_media":0,"comment_status":"closed","ping_status":"closed","sticky":false,"template":"","format":"standard","meta":{"_jetpack_memberships_contains_paid_content":false,"footnotes":""},"categories":[7,18],"tags":[4],"class_list":["post-5140","post","type-post","status-publish","format-standard","hentry","category-noticias","category-novedades-aapas","tag-destacado"],"jetpack_featured_media_url":"","jetpack_sharing_enabled":true,"rttpg_featured_image_url":null,"rttpg_author":{"display_name":"AAPAS","author_link":"https:\/\/aapas.org.ar\/portal\/author\/aapas_44dyx0\/"},"rttpg_comment":0,"rttpg_category":"<a href=\"https:\/\/aapas.org.ar\/portal\/category\/noticias\/\" rel=\"category tag\">Noticias<\/a> <a href=\"https:\/\/aapas.org.ar\/portal\/category\/noticias\/novedades-aapas\/\" rel=\"category tag\">Novedades AAPAS<\/a>","rttpg_excerpt":"A la reuni\u00f3n asistieron en representaci\u00f3n de la UART: \u00a0 Mara Bettiol, Presidente, Guillermo Davi, Vicepresidente (Prevenci\u00f3n ART), miembros del consejo directivo: Daniel Arias (Swiss Medical Group) , Julia Balestrini (Provincia ART), Leandro Anzoategui (Federaci\u00f3n Patronal), Daniel Piveti (Omint). Por SOCIEDADES: Mariano De Luca (SMSV Asesores de Seguros), Marcelo Monta\u00f1ez (Grupo Megapro), Hugo Tito (National...&hellip;","_links":{"self":[{"href":"https:\/\/aapas.org.ar\/portal\/wp-json\/wp\/v2\/posts\/5140","targetHints":{"allow":["GET"]}}],"collection":[{"href":"https:\/\/aapas.org.ar\/portal\/wp-json\/wp\/v2\/posts"}],"about":[{"href":"https:\/\/aapas.org.ar\/portal\/wp-json\/wp\/v2\/types\/post"}],"author":[{"embeddable":true,"href":"https:\/\/aapas.org.ar\/portal\/wp-json\/wp\/v2\/users\/1"}],"replies":[{"embeddable":true,"href":"https:\/\/aapas.org.ar\/portal\/wp-json\/wp\/v2\/comments?post=5140"}],"version-history":[{"count":10,"href":"https:\/\/aapas.org.ar\/portal\/wp-json\/wp\/v2\/posts\/5140\/revisions"}],"predecessor-version":[{"id":5151,"href":"https:\/\/aapas.org.ar\/portal\/wp-json\/wp\/v2\/posts\/5140\/revisions\/5151"}],"wp:attachment":[{"href":"https:\/\/aapas.org.ar\/portal\/wp-json\/wp\/v2\/media?parent=5140"}],"wp:term":[{"taxonomy":"category","embeddable":true,"href":"https:\/\/aapas.org.ar\/portal\/wp-json\/wp\/v2\/categories?post=5140"},{"taxonomy":"post_tag","embeddable":true,"href":"https:\/\/aapas.org.ar\/portal\/wp-json\/wp\/v2\/tags?post=5140"}],"curies":[{"name":"wp","href":"https:\/\/api.w.org\/{rel}","templated":true}]}}