{"id":5942,"date":"2020-10-09T20:42:40","date_gmt":"2020-10-09T20:42:40","guid":{"rendered":"https:\/\/aapas.org.ar\/portal\/?p=5942"},"modified":"2020-10-09T20:42:40","modified_gmt":"2020-10-09T20:42:40","slug":"grupo-sancor-seguros-nuevamente-en-la-mesa-directiva-del-pacto-global-de-naciones-unidas","status":"publish","type":"post","link":"https:\/\/aapas.org.ar\/portal\/2020\/10\/09\/grupo-sancor-seguros-nuevamente-en-la-mesa-directiva-del-pacto-global-de-naciones-unidas\/","title":{"rendered":"Grupo SANCOR SEGUROS nuevamente en la Mesa Directiva del Pacto Global de Naciones Unidas"},"content":{"rendered":"<p><i><span style=\"font-weight: 400;\">En la 7ma Asamblea Nacional del Pacto Global \u201cUniendo empresas en una D\u00e9cada para la Acci\u00f3n\u201d, Grupo SANCOR SEGUROS fue elegido como <\/span><\/i><b><i>miembro titular para conformar su Mesa Directiva<\/i><\/b><i><span style=\"font-weight: 400;\">.<\/span><\/i><\/p>\n<p><span style=\"font-weight: 400;\">Del encuentro, desarrollado de manera virtual en funci\u00f3n del contexto, participaron 310 personas representantes de 166 organizaciones miembros de la Red. Luego de las palabras de apertura, de un repaso de los desaf\u00edos cumplidos a lo largo de estos \u00faltimos dos a\u00f1os y de las contribuciones de las empresas argentinas a los Objetivos de Desarrollo Sostenible (ODS), se dio a conocer la conformaci\u00f3n de la nueva mesa directiva para el periodo 2020-2022, en la que el <\/span><b>Grupo Sancor Seguros qued\u00f3 entre las 6 grandes empresas titulares<\/b> <a href=\"https:\/\/pactoglobal.org.ar\/novedades\/culmino-la-asamblea-nacional-nuevo-cuerpo-de-gobierno-electo-en-una-decada-para-la-accion\/\"><span style=\"font-weight: 400;\">(ver la conformaci\u00f3n completa aqu\u00ed)<\/span><\/a><span style=\"font-weight: 400;\">.<\/span><\/p>\n<p><span style=\"font-weight: 400;\">En un a\u00f1o movilizado como el que estamos viviendo, es fundamental el trabajo conjunto en articulaci\u00f3n p\u00fablico-privada para contribuir con los derechos comunes a todas las personas. Es por ello que iniciativas como las del Pacto Gobal, con 16 a\u00f1os en el pa\u00eds, cobran mayor relevancia para guiar el accionar de las empresas conforme sus diez principios centrados en los DDHH, los derechos de trabajadores, el cuidado del medioambiente y la lucha contra la corrupci\u00f3n.\u00a0<\/span><\/p>\n<p><span style=\"font-weight: 400;\">En tal sentido, Sanda Ojiambo, CEO y Directora Ejecutiva del Pacto Global de las Naciones Unidas, en sus palabras de bienvenida resalt\u00f3 la importancia de enfrentar los desaf\u00edos en este contexto de crisis a trav\u00e9s de las oportunidades para que las empresas se transformen y, en l\u00ednea con los ODS, ya no solo hacer negocios sino principalmente trabajar para construir mercados.<\/span><\/p>\n<p><span style=\"font-weight: 400;\">El Grupo SANCOR SEGUROS, por su parte, se encuentra cumpliendo 75 a\u00f1os de historia y 15 de su Proceso de Responsabilidad Social Empresaria, con una gesti\u00f3n de la sustentabilidad integrada al negocio.\u00a0<\/span><\/p>\n<p><span style=\"font-weight: 400;\">Habiendo adherido al Pacto Global en 2009, conforma la Mesa Directiva desde el a\u00f1o 2012 y presidi\u00f3 la misma en 2015 y 2016. Su compromiso con las iniciativas del Pacto Global, adem\u00e1s, se ve reflejado en que en 2015 fue una de las primeras empresas en el pa\u00eds en sumarse a la propuesta de la Agenda 2030, y trabajar para alinear su estrategia y gesti\u00f3n de la sustentabilidad con los 17 Objetivos de Desarrollo Sostenible propuestos por Naciones Unidas.<\/span><\/p>\n<p>&nbsp;<\/p>\n","protected":false},"excerpt":{"rendered":"<p>En la 7ma Asamblea Nacional del Pacto Global \u201cUniendo empresas en una D\u00e9cada para la Acci\u00f3n\u201d, Grupo SANCOR SEGUROS fue elegido como miembro titular para conformar su Mesa Directiva. Del encuentro, desarrollado de manera virtual en funci\u00f3n del contexto, participaron 310 personas representantes de 166 organizaciones miembros de la Red. Luego de las palabras de&#8230; <\/p>\n<div class=\"link-more\"><a href=\"https:\/\/aapas.org.ar\/portal\/2020\/10\/09\/grupo-sancor-seguros-nuevamente-en-la-mesa-directiva-del-pacto-global-de-naciones-unidas\/\">Lea m\u00e1s<\/a><\/div>\n","protected":false},"author":1,"featured_media":0,"comment_status":"closed","ping_status":"closed","sticky":false,"template":"","format":"standard","meta":{"_jetpack_memberships_contains_paid_content":false,"footnotes":""},"categories":[7,16],"tags":[],"class_list":["post-5942","post","type-post","status-publish","format-standard","hentry","category-noticias","category-novedades-en-el-mundo-del-seguro"],"jetpack_featured_media_url":"","jetpack_sharing_enabled":true,"rttpg_featured_image_url":null,"rttpg_author":{"display_name":"AAPAS","author_link":"https:\/\/aapas.org.ar\/portal\/author\/aapas_44dyx0\/"},"rttpg_comment":0,"rttpg_category":"<a href=\"https:\/\/aapas.org.ar\/portal\/category\/noticias\/\" rel=\"category tag\">Noticias<\/a> <a href=\"https:\/\/aapas.org.ar\/portal\/category\/noticias\/novedades-en-el-mundo-del-seguro\/\" rel=\"category tag\">Novedades en el mundo del seguro<\/a>","rttpg_excerpt":"En la 7ma Asamblea Nacional del Pacto Global \u201cUniendo empresas en una D\u00e9cada para la Acci\u00f3n\u201d, Grupo SANCOR SEGUROS fue elegido como miembro titular para conformar su Mesa Directiva. Del encuentro, desarrollado de manera virtual en funci\u00f3n del contexto, participaron 310 personas representantes de 166 organizaciones miembros de la Red. Luego de las palabras de...&hellip;","_links":{"self":[{"href":"https:\/\/aapas.org.ar\/portal\/wp-json\/wp\/v2\/posts\/5942","targetHints":{"allow":["GET"]}}],"collection":[{"href":"https:\/\/aapas.org.ar\/portal\/wp-json\/wp\/v2\/posts"}],"about":[{"href":"https:\/\/aapas.org.ar\/portal\/wp-json\/wp\/v2\/types\/post"}],"author":[{"embeddable":true,"href":"https:\/\/aapas.org.ar\/portal\/wp-json\/wp\/v2\/users\/1"}],"replies":[{"embeddable":true,"href":"https:\/\/aapas.org.ar\/portal\/wp-json\/wp\/v2\/comments?post=5942"}],"version-history":[{"count":1,"href":"https:\/\/aapas.org.ar\/portal\/wp-json\/wp\/v2\/posts\/5942\/revisions"}],"predecessor-version":[{"id":5943,"href":"https:\/\/aapas.org.ar\/portal\/wp-json\/wp\/v2\/posts\/5942\/revisions\/5943"}],"wp:attachment":[{"href":"https:\/\/aapas.org.ar\/portal\/wp-json\/wp\/v2\/media?parent=5942"}],"wp:term":[{"taxonomy":"category","embeddable":true,"href":"https:\/\/aapas.org.ar\/portal\/wp-json\/wp\/v2\/categories?post=5942"},{"taxonomy":"post_tag","embeddable":true,"href":"https:\/\/aapas.org.ar\/portal\/wp-json\/wp\/v2\/tags?post=5942"}],"curies":[{"name":"wp","href":"https:\/\/api.w.org\/{rel}","templated":true}]}}