{"id":6157,"date":"2020-11-19T15:01:58","date_gmt":"2020-11-19T15:01:58","guid":{"rendered":"https:\/\/aapas.org.ar\/portal\/?p=6157"},"modified":"2020-11-19T15:01:58","modified_gmt":"2020-11-19T15:01:58","slug":"la-cnrt-inauguro-un-espacio-de-lactancia-y-nuevas-oficinas-en-la-delegacion-la-plata","status":"publish","type":"post","link":"https:\/\/aapas.org.ar\/portal\/2020\/11\/19\/la-cnrt-inauguro-un-espacio-de-lactancia-y-nuevas-oficinas-en-la-delegacion-la-plata\/","title":{"rendered":"La CNRT inaugur\u00f3 un espacio de lactancia y nuevas oficinas en la delegaci\u00f3n La Plata"},"content":{"rendered":"<p style=\"font-weight: 400;\">La Comisi\u00f3n Nacional de Regulaci\u00f3n del Transporte (CNRT), organismo del Ministerio de Transporte, inaugur\u00f3 este mi\u00e9rcoles con la presencia del ministro Mario Meoni un espacio de lactancia y nuevas oficinas en la delegaci\u00f3n La Plata.<\/p>\n<p style=\"font-weight: 400;\">\u201c<em>Agradecemos la presencia de nuestro Ministro con quien venimos trabajando para la implementaci\u00f3n de distintas pol\u00edticas de g\u00e9nero que transformen la realidad en una m\u00e1s justa y representativa.\u00a0 Esta es una de ellas y nos enorgullece contar con este espacio para las madres y con nuevas oficinas para la comodidad de nuestros trabajadores y trabajadoras\u201d, expres\u00f3 \u00a0Jos\u00e9 Arteaga, director ejecutivo de la CNRT.<\/em><\/p>\n<p style=\"font-weight: 400;\"><em>El ministro de la naci\u00f3n, Mario Meoni, expres\u00f3: \u201cCuando asumimos y designamos a Jos\u00e9 Arteaga al frente de la CNRT, pensamos que hab\u00eda que dotar sus espacios de trabajo de una infraestructura absolutamente distinta. Empezamos con veh\u00edculos para fiscalizar y luego con presupuesto para incorporar espacios como este\u201d. Y en este sentido, ampli\u00f3: \u201cTrabajamos para promover la igualdad y la diversidad de g\u00e9neros en los espacios laborales y que estos se adapten a sus necesidades. Debemos buscar c\u00f3mo incorporar un equilibrio en la cantidad de mujeres trabajando en el \u00e1mbito de transporte, por eso es que pensamos seguir avanzando en m\u00e1s acciones concretas, como estas nuevas oficinas que le dan a las trabajadoras en situaci\u00f3n de lactancia un lugar acorde\u201d.<\/em><\/p>\n<p style=\"font-weight: 400;\">La CNRT por primera vez en La Plata tiene un espacio especialmente acondicionado para la comodidad de las madres y realizado bajo los par\u00e1metros del Ministerio de Salud de Naci\u00f3n. Es de uso exclusivo para que las mujeres amamanten o extraigan su leche materna durante el horario de trabajo, asegurando su adecuada conservaci\u00f3n y favoreciendo la continuidad de la lactancia materna.<\/p>\n<p style=\"font-weight: 400;\">Adem\u00e1s, cuenta con material informativo y educativo sobre la utilidad del servicio de espacio de lactancia, las formas de extracci\u00f3n y conservaci\u00f3n de la leche materna y, est\u00e1 equipado con heladera, sill\u00f3n, cambiador, dispenser de agua, toallas de papel y alcohol en gel.<\/p>\n<p style=\"font-weight: 400;\">Del acto participaron Mario Meoni, ministro de Transporte; Jos\u00e9 Arteaga, director ejecutivo de la CNRT; Diego Giuliano, subdirector ejecutivo de la CNRT, Florencia Esper\u00f3n, responsable de pol\u00edticas de g\u00e9nero y diversidad del Ministerio de Transporte, Juan Malpeli, subsecretario de proyectos estrat\u00e9gicos y desarrollo tecnol\u00f3gico del Ministerio de Transporte, Alejo Supply, subsecretario\u00a0 de Transporte de la Provincia de Buenos Aires; Julio Garro, intendente de La Plata y Miguel Forte, secretario de Transporte del municipio platense, legisladores de la Provincia de Buenos Aires, concejales del Municipio y representantes de la Uni\u00f3n Tranviarios Automotor (UTA).<\/p>\n","protected":false},"excerpt":{"rendered":"<p>La Comisi\u00f3n Nacional de Regulaci\u00f3n del Transporte (CNRT), organismo del Ministerio de Transporte, inaugur\u00f3 este mi\u00e9rcoles con la presencia del ministro Mario Meoni un espacio de lactancia y nuevas oficinas en la delegaci\u00f3n La Plata. \u201cAgradecemos la presencia de nuestro Ministro con quien venimos trabajando para la implementaci\u00f3n de distintas pol\u00edticas de g\u00e9nero que transformen&#8230; <\/p>\n<div class=\"link-more\"><a href=\"https:\/\/aapas.org.ar\/portal\/2020\/11\/19\/la-cnrt-inauguro-un-espacio-de-lactancia-y-nuevas-oficinas-en-la-delegacion-la-plata\/\">Lea m\u00e1s<\/a><\/div>\n","protected":false},"author":1,"featured_media":6158,"comment_status":"closed","ping_status":"closed","sticky":false,"template":"","format":"standard","meta":{"_jetpack_memberships_contains_paid_content":false,"footnotes":""},"categories":[7,16],"tags":[],"class_list":["post-6157","post","type-post","status-publish","format-standard","has-post-thumbnail","hentry","category-noticias","category-novedades-en-el-mundo-del-seguro"],"jetpack_featured_media_url":"https:\/\/aapas.org.ar\/portal\/wp-content\/uploads\/2020\/11\/CNRT-MEONI-ARTEAGA-LA-PLATA.jpeg","jetpack_sharing_enabled":true,"rttpg_featured_image_url":{"full":["https:\/\/aapas.org.ar\/portal\/wp-content\/uploads\/2020\/11\/CNRT-MEONI-ARTEAGA-LA-PLATA.jpeg",757,578,false],"landscape":["https:\/\/aapas.org.ar\/portal\/wp-content\/uploads\/2020\/11\/CNRT-MEONI-ARTEAGA-LA-PLATA.jpeg",757,578,false],"portraits":["https:\/\/aapas.org.ar\/portal\/wp-content\/uploads\/2020\/11\/CNRT-MEONI-ARTEAGA-LA-PLATA.jpeg",757,578,false],"thumbnail":["https:\/\/aapas.org.ar\/portal\/wp-content\/uploads\/2020\/11\/CNRT-MEONI-ARTEAGA-LA-PLATA-150x150.jpeg",150,150,true],"medium":["https:\/\/aapas.org.ar\/portal\/wp-content\/uploads\/2020\/11\/CNRT-MEONI-ARTEAGA-LA-PLATA-300x229.jpeg",300,229,true],"large":["https:\/\/aapas.org.ar\/portal\/wp-content\/uploads\/2020\/11\/CNRT-MEONI-ARTEAGA-LA-PLATA.jpeg",757,578,false],"1536x1536":["https:\/\/aapas.org.ar\/portal\/wp-content\/uploads\/2020\/11\/CNRT-MEONI-ARTEAGA-LA-PLATA.jpeg",757,578,false],"2048x2048":["https:\/\/aapas.org.ar\/portal\/wp-content\/uploads\/2020\/11\/CNRT-MEONI-ARTEAGA-LA-PLATA.jpeg",757,578,false],"dyad-banner":["https:\/\/aapas.org.ar\/portal\/wp-content\/uploads\/2020\/11\/CNRT-MEONI-ARTEAGA-LA-PLATA.jpeg",757,578,false],"dyad-thumbnails":["https:\/\/aapas.org.ar\/portal\/wp-content\/uploads\/2020\/11\/CNRT-MEONI-ARTEAGA-LA-PLATA-630x578.jpeg",630,578,true],"dyad-featured-image":["https:\/\/aapas.org.ar\/portal\/wp-content\/uploads\/2020\/11\/CNRT-MEONI-ARTEAGA-LA-PLATA.jpeg",757,578,false],"dyad-featured-image-horz":["https:\/\/aapas.org.ar\/portal\/wp-content\/uploads\/2020\/11\/CNRT-MEONI-ARTEAGA-LA-PLATA.jpeg",757,578,false],"dyad-site-logo":["https:\/\/aapas.org.ar\/portal\/wp-content\/uploads\/2020\/11\/CNRT-MEONI-ARTEAGA-LA-PLATA-393x300.jpeg",393,300,true]},"rttpg_author":{"display_name":"AAPAS","author_link":"https:\/\/aapas.org.ar\/portal\/author\/aapas_44dyx0\/"},"rttpg_comment":0,"rttpg_category":"<a href=\"https:\/\/aapas.org.ar\/portal\/category\/noticias\/\" rel=\"category tag\">Noticias<\/a> <a href=\"https:\/\/aapas.org.ar\/portal\/category\/noticias\/novedades-en-el-mundo-del-seguro\/\" rel=\"category tag\">Novedades en el mundo del seguro<\/a>","rttpg_excerpt":"La Comisi\u00f3n Nacional de Regulaci\u00f3n del Transporte (CNRT), organismo del Ministerio de Transporte, inaugur\u00f3 este mi\u00e9rcoles con la presencia del ministro Mario Meoni un espacio de lactancia y nuevas oficinas en la delegaci\u00f3n La Plata. \u201cAgradecemos la presencia de nuestro Ministro con quien venimos trabajando para la implementaci\u00f3n de distintas pol\u00edticas de g\u00e9nero que transformen...&hellip;","_links":{"self":[{"href":"https:\/\/aapas.org.ar\/portal\/wp-json\/wp\/v2\/posts\/6157","targetHints":{"allow":["GET"]}}],"collection":[{"href":"https:\/\/aapas.org.ar\/portal\/wp-json\/wp\/v2\/posts"}],"about":[{"href":"https:\/\/aapas.org.ar\/portal\/wp-json\/wp\/v2\/types\/post"}],"author":[{"embeddable":true,"href":"https:\/\/aapas.org.ar\/portal\/wp-json\/wp\/v2\/users\/1"}],"replies":[{"embeddable":true,"href":"https:\/\/aapas.org.ar\/portal\/wp-json\/wp\/v2\/comments?post=6157"}],"version-history":[{"count":1,"href":"https:\/\/aapas.org.ar\/portal\/wp-json\/wp\/v2\/posts\/6157\/revisions"}],"predecessor-version":[{"id":6159,"href":"https:\/\/aapas.org.ar\/portal\/wp-json\/wp\/v2\/posts\/6157\/revisions\/6159"}],"wp:featuredmedia":[{"embeddable":true,"href":"https:\/\/aapas.org.ar\/portal\/wp-json\/wp\/v2\/media\/6158"}],"wp:attachment":[{"href":"https:\/\/aapas.org.ar\/portal\/wp-json\/wp\/v2\/media?parent=6157"}],"wp:term":[{"taxonomy":"category","embeddable":true,"href":"https:\/\/aapas.org.ar\/portal\/wp-json\/wp\/v2\/categories?post=6157"},{"taxonomy":"post_tag","embeddable":true,"href":"https:\/\/aapas.org.ar\/portal\/wp-json\/wp\/v2\/tags?post=6157"}],"curies":[{"name":"wp","href":"https:\/\/api.w.org\/{rel}","templated":true}]}}