{"id":6579,"date":"2021-02-05T16:11:56","date_gmt":"2021-02-05T16:11:56","guid":{"rendered":"https:\/\/aapas.org.ar\/portal\/?p=6579"},"modified":"2021-02-23T15:06:04","modified_gmt":"2021-02-23T15:06:04","slug":"prof-invita-a-sus-pas-al-webinar-mitos-y-claves-sobre-la-digitalizacion-del-pas","status":"publish","type":"post","link":"https:\/\/aapas.org.ar\/portal\/2021\/02\/05\/prof-invita-a-sus-pas-al-webinar-mitos-y-claves-sobre-la-digitalizacion-del-pas\/","title":{"rendered":"PROF INVITA A SUS PAS AL WEBINAR \u201cMITOS Y CLAVES SOBRE LA DIGITALIZACI\u00d3N DEL PAS\u201d"},"content":{"rendered":"<p style=\"font-weight: 400;\">En un contexto en el que la adaptaci\u00f3n a la era digital fue clave para la sustentabilidad del negocio,\u00a0<strong>PROF Grupo Asegurador<\/strong>\u00a0convoca a sus Productores Asesores de Seguros al webinar \u201c<strong>Mitos y claves sobre la digitalizaci\u00f3n del PAS<\/strong>\u201d organizado por\u00a0<strong>Jornadas de Seguros A+C.<\/strong><\/p>\n<p style=\"font-weight: 400;\"><a href=\"https:\/\/www.eventbrite.com.ar\/e\/mitos-y-claves-sobre-la-digitalizacion-de-los-pas-tickets-132576262169\"><img loading=\"lazy\" decoding=\"async\" class=\"wp-image-6581 size-medium alignleft\" src=\"https:\/\/aapas.org.ar\/portal\/wp-content\/uploads\/2021\/02\/Invitacion-PROF-193x300.jpg\" alt=\"\" width=\"193\" height=\"300\" srcset=\"https:\/\/aapas.org.ar\/portal\/wp-content\/uploads\/2021\/02\/Invitacion-PROF-193x300.jpg 193w, https:\/\/aapas.org.ar\/portal\/wp-content\/uploads\/2021\/02\/Invitacion-PROF-658x1024.jpg 658w, https:\/\/aapas.org.ar\/portal\/wp-content\/uploads\/2021\/02\/Invitacion-PROF-768x1195.jpg 768w, https:\/\/aapas.org.ar\/portal\/wp-content\/uploads\/2021\/02\/Invitacion-PROF-987x1536.jpg 987w, https:\/\/aapas.org.ar\/portal\/wp-content\/uploads\/2021\/02\/Invitacion-PROF-1316x2048.jpg 1316w, https:\/\/aapas.org.ar\/portal\/wp-content\/uploads\/2021\/02\/Invitacion-PROF-scaled.jpg 1645w\" sizes=\"auto, (max-width: 193px) 100vw, 193px\" \/><\/a><\/p>\n<p style=\"font-weight: 400;\">La charla estar\u00e1 a cargo de\u00a0<strong>Jonathan Rodr\u00edguez Brun<\/strong>, Director General y cofundador de\u00a0<strong>Cover<\/strong>, una Insurtech dedicada a conectar aseguradoras y diversos actores para la comercializaci\u00f3n de seguros on demand.<\/p>\n<p style=\"font-weight: 400;\">La misma se llevar\u00e1 a cabo hoy de 15 a 16hs a trav\u00e9s de la plataforma Webex Meeting. Entre los temas m\u00e1s importantes a tratar, estar\u00e1n el rol del PAS y los planes de las aseguradoras en cuanto a las ventas directas.<\/p>\n<p style=\"font-weight: 400;\">En el escenario planteado, las Insurtechs y startups tomaron un rol fundamental para acompa\u00f1ar el proceso de transformaci\u00f3n de los Productores, con el objetivo de mejorar la experiencia del cliente.<\/p>\n<p style=\"font-weight: 400;\">La invitaci\u00f3n al evento se extiende al p\u00fablico general, pero especialmente a los PAS que quieran conocer en detalle qu\u00e9 trae consigo esta nueva era del negocio a partir de la digitalizaci\u00f3n.<\/p>\n<p style=\"font-weight: 400;\">A trav\u00e9s de esta iniciativa,\u00a0<strong>PROF Grupo Asegurador<\/strong>\u00a0sigue fomentando la profesionalizaci\u00f3n de sus Productores Asesores de Seguros, auspiciando cada uno de los ciclos de capacitaciones de Jornadas de Seguros A+C.<\/p>\n","protected":false},"excerpt":{"rendered":"<p>En un contexto en el que la adaptaci\u00f3n a la era digital fue clave para la sustentabilidad del negocio,\u00a0PROF Grupo Asegurador\u00a0convoca a sus Productores Asesores de Seguros al webinar \u201cMitos y claves sobre la digitalizaci\u00f3n del PAS\u201d organizado por\u00a0Jornadas de Seguros A+C. La charla estar\u00e1 a cargo de\u00a0Jonathan Rodr\u00edguez Brun, Director General y cofundador de\u00a0Cover,&#8230; <\/p>\n<div class=\"link-more\"><a href=\"https:\/\/aapas.org.ar\/portal\/2021\/02\/05\/prof-invita-a-sus-pas-al-webinar-mitos-y-claves-sobre-la-digitalizacion-del-pas\/\">Lea m\u00e1s<\/a><\/div>\n","protected":false},"author":1,"featured_media":0,"comment_status":"closed","ping_status":"closed","sticky":false,"template":"","format":"standard","meta":{"_jetpack_memberships_contains_paid_content":false,"footnotes":""},"categories":[7,16],"tags":[],"class_list":["post-6579","post","type-post","status-publish","format-standard","hentry","category-noticias","category-novedades-en-el-mundo-del-seguro"],"jetpack_featured_media_url":"","jetpack_sharing_enabled":true,"rttpg_featured_image_url":null,"rttpg_author":{"display_name":"AAPAS","author_link":"https:\/\/aapas.org.ar\/portal\/author\/aapas_44dyx0\/"},"rttpg_comment":0,"rttpg_category":"<a href=\"https:\/\/aapas.org.ar\/portal\/category\/noticias\/\" rel=\"category tag\">Noticias<\/a> <a href=\"https:\/\/aapas.org.ar\/portal\/category\/noticias\/novedades-en-el-mundo-del-seguro\/\" rel=\"category tag\">Novedades en el mundo del seguro<\/a>","rttpg_excerpt":"En un contexto en el que la adaptaci\u00f3n a la era digital fue clave para la sustentabilidad del negocio,\u00a0PROF Grupo Asegurador\u00a0convoca a sus Productores Asesores de Seguros al webinar \u201cMitos y claves sobre la digitalizaci\u00f3n del PAS\u201d organizado por\u00a0Jornadas de Seguros A+C. La charla estar\u00e1 a cargo de\u00a0Jonathan Rodr\u00edguez Brun, Director General y cofundador de\u00a0Cover,...&hellip;","_links":{"self":[{"href":"https:\/\/aapas.org.ar\/portal\/wp-json\/wp\/v2\/posts\/6579","targetHints":{"allow":["GET"]}}],"collection":[{"href":"https:\/\/aapas.org.ar\/portal\/wp-json\/wp\/v2\/posts"}],"about":[{"href":"https:\/\/aapas.org.ar\/portal\/wp-json\/wp\/v2\/types\/post"}],"author":[{"embeddable":true,"href":"https:\/\/aapas.org.ar\/portal\/wp-json\/wp\/v2\/users\/1"}],"replies":[{"embeddable":true,"href":"https:\/\/aapas.org.ar\/portal\/wp-json\/wp\/v2\/comments?post=6579"}],"version-history":[{"count":1,"href":"https:\/\/aapas.org.ar\/portal\/wp-json\/wp\/v2\/posts\/6579\/revisions"}],"predecessor-version":[{"id":6582,"href":"https:\/\/aapas.org.ar\/portal\/wp-json\/wp\/v2\/posts\/6579\/revisions\/6582"}],"wp:attachment":[{"href":"https:\/\/aapas.org.ar\/portal\/wp-json\/wp\/v2\/media?parent=6579"}],"wp:term":[{"taxonomy":"category","embeddable":true,"href":"https:\/\/aapas.org.ar\/portal\/wp-json\/wp\/v2\/categories?post=6579"},{"taxonomy":"post_tag","embeddable":true,"href":"https:\/\/aapas.org.ar\/portal\/wp-json\/wp\/v2\/tags?post=6579"}],"curies":[{"name":"wp","href":"https:\/\/api.w.org\/{rel}","templated":true}]}}