{"id":7877,"date":"2021-10-12T17:37:35","date_gmt":"2021-10-12T17:37:35","guid":{"rendered":"https:\/\/aapas.org.ar\/portal\/?p=7877"},"modified":"2021-10-12T17:37:35","modified_gmt":"2021-10-12T17:37:35","slug":"provincia-seguros-amplia-la-caucion-de-alquiler-para-monotributistas-y-autonomos","status":"publish","type":"post","link":"https:\/\/aapas.org.ar\/portal\/2021\/10\/12\/provincia-seguros-amplia-la-caucion-de-alquiler-para-monotributistas-y-autonomos\/","title":{"rendered":"Provincia Seguros ampl\u00eda la cauci\u00f3n de alquiler para monotributistas y aut\u00f3nomos"},"content":{"rendered":"<p style=\"font-weight: 400;\">Provincia Seguros,\u00a0la compa\u00f1\u00eda de seguros generales\u00a0de Grupo Provincia, ampl\u00eda las posibilidades de contrataci\u00f3n de su seguro de Cauci\u00f3n de Alquiler y lo hace extensivo a trabajadoras y trabajadores monotributistas y aut\u00f3nomos.<\/p>\n<p style=\"font-weight: 400;\">En funci\u00f3n de la nueva Ley de Alquileres, y en l\u00ednea con las pol\u00edticas de desarrollo productivo y reactivaci\u00f3n econ\u00f3mica del Gobierno de la provincia de Buenos Aires, Provincia Seguros actualiza su producto de Cauci\u00f3n de Alquiler para facilitar el acceso a quienes necesitan una garant\u00eda.<\/p>\n<p style=\"font-weight: 400;\">Se trata de\u00a0una p\u00f3liza anual\u00a0con\u00a0refacturaci\u00f3n autom\u00e1tica\u00a0y\u00a0actualizaci\u00f3n de la suma asegurada,\u00a0seg\u00fan el porcentaje de aumento\u00a0del valor del alquiler (promedio de RIPTE e IPC).\u00a0No\u00a0cuenta con un\u00a0l\u00edmite de edad para acceder al seguro y\u202fcontempla cinco aspectos del contrato de alquiler:\u00a0pago,\u00a0dep\u00f3sito en garant\u00eda,\u00a0deuda de expensas,\u00a0ocupaci\u00f3n\u00a0indebida\u00a0e\u00a0impuestos provinciales y municipales. Es un producto pensado para alquileres de hasta\u00a0$ 80.000\u00a0mensuales.<\/p>\n<p style=\"font-weight: 400;\">\n<p style=\"font-weight: 400;\">En cuanto a los requisitos, para monotributistas y aut\u00f3nomos se solicitan:<\/p>\n<ul style=\"font-weight: 400;\">\n<li>Monotributistas: Facturas emitidas de los \u00faltimos tres meses, copia de DNI y alcanzar los par\u00e1metros crediticios del sistema S.A.C Nosis.<\/li>\n<li>Aut\u00f3nomos: \u00daltima presentaci\u00f3n de bienes personales y ganancias (de corresponder), copia de DNI y alcanzar los par\u00e1metros crediticios del sistema S.A.C Nosis.<\/li>\n<\/ul>\n<p style=\"font-weight: 400;\">Para m\u00e1s informaci\u00f3n,\u00a0los canales disponibles de comunicaci\u00f3n\u00a0son 0810.222.2444, el sitio web\u00a0<a href=\"http:\/\/www.provinciaseguros.com.ar\/\" data-saferedirecturl=\"https:\/\/www.google.com\/url?q=http:\/\/www.provinciaseguros.com.ar&amp;source=gmail&amp;ust=1634132143788000&amp;usg=AFQjCNEL8hbyKF8mVpZJnNPM2Uhwsb79_w\">www.provinciaseguros.com.ar<\/a>\u00a0o las productoras y los productores asesores de seguros.<\/p>\n<p style=\"font-weight: 400;\">\n","protected":false},"excerpt":{"rendered":"<p>Provincia Seguros,\u00a0la compa\u00f1\u00eda de seguros generales\u00a0de Grupo Provincia, ampl\u00eda las posibilidades de contrataci\u00f3n de su seguro de Cauci\u00f3n de Alquiler y lo hace extensivo a trabajadoras y trabajadores monotributistas y aut\u00f3nomos. En funci\u00f3n de la nueva Ley de Alquileres, y en l\u00ednea con las pol\u00edticas de desarrollo productivo y reactivaci\u00f3n econ\u00f3mica del Gobierno de la&#8230; <\/p>\n<div class=\"link-more\"><a href=\"https:\/\/aapas.org.ar\/portal\/2021\/10\/12\/provincia-seguros-amplia-la-caucion-de-alquiler-para-monotributistas-y-autonomos\/\">Lea m\u00e1s<\/a><\/div>\n","protected":false},"author":1,"featured_media":7878,"comment_status":"closed","ping_status":"closed","sticky":false,"template":"","format":"standard","meta":{"_jetpack_memberships_contains_paid_content":false,"footnotes":""},"categories":[7,16],"tags":[],"class_list":["post-7877","post","type-post","status-publish","format-standard","has-post-thumbnail","hentry","category-noticias","category-novedades-en-el-mundo-del-seguro"],"jetpack_featured_media_url":"https:\/\/aapas.org.ar\/portal\/wp-content\/uploads\/2021\/10\/provincia.jpg","jetpack_sharing_enabled":true,"rttpg_featured_image_url":{"full":["https:\/\/aapas.org.ar\/portal\/wp-content\/uploads\/2021\/10\/provincia.jpg",1914,1080,false],"landscape":["https:\/\/aapas.org.ar\/portal\/wp-content\/uploads\/2021\/10\/provincia.jpg",1914,1080,false],"portraits":["https:\/\/aapas.org.ar\/portal\/wp-content\/uploads\/2021\/10\/provincia.jpg",1914,1080,false],"thumbnail":["https:\/\/aapas.org.ar\/portal\/wp-content\/uploads\/2021\/10\/provincia-150x150.jpg",150,150,true],"medium":["https:\/\/aapas.org.ar\/portal\/wp-content\/uploads\/2021\/10\/provincia-300x169.jpg",300,169,true],"large":["https:\/\/aapas.org.ar\/portal\/wp-content\/uploads\/2021\/10\/provincia-1024x578.jpg",1000,564,true],"1536x1536":["https:\/\/aapas.org.ar\/portal\/wp-content\/uploads\/2021\/10\/provincia-1536x867.jpg",1536,867,true],"2048x2048":["https:\/\/aapas.org.ar\/portal\/wp-content\/uploads\/2021\/10\/provincia.jpg",1914,1080,false],"dyad-banner":["https:\/\/aapas.org.ar\/portal\/wp-content\/uploads\/2021\/10\/provincia-1800x720.jpg",1800,720,true],"dyad-thumbnails":["https:\/\/aapas.org.ar\/portal\/wp-content\/uploads\/2021\/10\/provincia-630x840.jpg",630,840,true],"dyad-featured-image":["https:\/\/aapas.org.ar\/portal\/wp-content\/uploads\/2021\/10\/provincia-960x1080.jpg",960,1080,true],"dyad-featured-image-horz":["https:\/\/aapas.org.ar\/portal\/wp-content\/uploads\/2021\/10\/provincia-960x640.jpg",960,640,true],"dyad-site-logo":["https:\/\/aapas.org.ar\/portal\/wp-content\/uploads\/2021\/10\/provincia-532x300.jpg",532,300,true]},"rttpg_author":{"display_name":"AAPAS","author_link":"https:\/\/aapas.org.ar\/portal\/author\/aapas_44dyx0\/"},"rttpg_comment":0,"rttpg_category":"<a href=\"https:\/\/aapas.org.ar\/portal\/category\/noticias\/\" rel=\"category tag\">Noticias<\/a> <a href=\"https:\/\/aapas.org.ar\/portal\/category\/noticias\/novedades-en-el-mundo-del-seguro\/\" rel=\"category tag\">Novedades en el mundo del seguro<\/a>","rttpg_excerpt":"Provincia Seguros,\u00a0la compa\u00f1\u00eda de seguros generales\u00a0de Grupo Provincia, ampl\u00eda las posibilidades de contrataci\u00f3n de su seguro de Cauci\u00f3n de Alquiler y lo hace extensivo a trabajadoras y trabajadores monotributistas y aut\u00f3nomos. En funci\u00f3n de la nueva Ley de Alquileres, y en l\u00ednea con las pol\u00edticas de desarrollo productivo y reactivaci\u00f3n econ\u00f3mica del Gobierno de la...&hellip;","_links":{"self":[{"href":"https:\/\/aapas.org.ar\/portal\/wp-json\/wp\/v2\/posts\/7877","targetHints":{"allow":["GET"]}}],"collection":[{"href":"https:\/\/aapas.org.ar\/portal\/wp-json\/wp\/v2\/posts"}],"about":[{"href":"https:\/\/aapas.org.ar\/portal\/wp-json\/wp\/v2\/types\/post"}],"author":[{"embeddable":true,"href":"https:\/\/aapas.org.ar\/portal\/wp-json\/wp\/v2\/users\/1"}],"replies":[{"embeddable":true,"href":"https:\/\/aapas.org.ar\/portal\/wp-json\/wp\/v2\/comments?post=7877"}],"version-history":[{"count":1,"href":"https:\/\/aapas.org.ar\/portal\/wp-json\/wp\/v2\/posts\/7877\/revisions"}],"predecessor-version":[{"id":7879,"href":"https:\/\/aapas.org.ar\/portal\/wp-json\/wp\/v2\/posts\/7877\/revisions\/7879"}],"wp:featuredmedia":[{"embeddable":true,"href":"https:\/\/aapas.org.ar\/portal\/wp-json\/wp\/v2\/media\/7878"}],"wp:attachment":[{"href":"https:\/\/aapas.org.ar\/portal\/wp-json\/wp\/v2\/media?parent=7877"}],"wp:term":[{"taxonomy":"category","embeddable":true,"href":"https:\/\/aapas.org.ar\/portal\/wp-json\/wp\/v2\/categories?post=7877"},{"taxonomy":"post_tag","embeddable":true,"href":"https:\/\/aapas.org.ar\/portal\/wp-json\/wp\/v2\/tags?post=7877"}],"curies":[{"name":"wp","href":"https:\/\/api.w.org\/{rel}","templated":true}]}}