{"id":7884,"date":"2021-10-13T17:34:55","date_gmt":"2021-10-13T17:34:55","guid":{"rendered":"https:\/\/aapas.org.ar\/portal\/?p=7884"},"modified":"2021-10-13T17:34:55","modified_gmt":"2021-10-13T17:34:55","slug":"con-5-millones-de-hectareas-aseguradas-la-segunda-reafirma-su-liderazgo-en-el-agro","status":"publish","type":"post","link":"https:\/\/aapas.org.ar\/portal\/2021\/10\/13\/con-5-millones-de-hectareas-aseguradas-la-segunda-reafirma-su-liderazgo-en-el-agro\/","title":{"rendered":"Con 5 millones de hect\u00e1reas aseguradas, La Segunda reafirma su liderazgo en el agro"},"content":{"rendered":"<p style=\"font-weight: 400;\"><em>El Grupo Asegurador La Segunda fue la compa\u00f1\u00eda m\u00e1s elegida por los productores agropecuarios. Lidera el ranking de empresas con mayor volumen de primas que elabora la Superintendencia de Seguros de la Naci\u00f3n<\/em><\/p>\n<p style=\"font-weight: 400;\">La campa\u00f1a de granos 2021\/22 avanza y el escenario para el nuevo ciclo es de crecimiento. En las \u00faltimas estimaciones agr\u00edcolas, la Bolsa de Cereales de Buenos Aires anticip\u00f3 que la superficie sembrada con cultivos extensivos en Argentina se incrementar\u00e1 un 2,1%, hasta alcanzar los 34 millones de hect\u00e1reas. De esta forma, se prev\u00e9 una expansi\u00f3n de la producci\u00f3n del 7,2%, que en los hechos implica una producci\u00f3n nacional de 129,8 millones de toneladas de granos, gracias a una recuperaci\u00f3n de los rendimientos por hect\u00e1rea.<\/p>\n<p style=\"font-weight: 400;\">En este contexto, los productores agropecuarios definen los pasos a seguir para transitar la campa\u00f1a con la mayor tranquilidad posible y la elecci\u00f3n de un seguro es una de las variables a considerar. Atendiendo las demandas del sector, el Grupo Asegurador La Segunda despliega todo su potencial y pone a disposici\u00f3n de los productores agropecuarios y de las empresas agr\u00edcolas coberturas a la medida de sus necesidades.<\/p>\n<p style=\"font-weight: 400;\"><strong>1\u00b0 en seguros para el agro<\/strong><\/p>\n<p style=\"font-weight: 400;\">Estar cerca de quienes producen y escucharlos permiti\u00f3 a La Segunda convertirse en n\u00famero uno en el ranking de empresas con mayor volumen de primas durante la campa\u00f1a de granos 2020\/21, seg\u00fan los datos de\u00a0\u00a0la Superintendencia de Seguros de la Naci\u00f3n.<\/p>\n<p style=\"font-weight: 400;\">La compa\u00f1\u00eda rosarina confirm\u00f3 el liderazgo absoluto en agro con un 23,45% de participaci\u00f3n de mercado, unos 6.668 millones de pesos de primas emitidas. Adem\u00e1s, La Segunda contin\u00faa acompa\u00f1ando el trabajo del campo brindando las mejores coberturas con beneficios exclusivos y descuentos por ciclo productivo.<\/p>\n<p style=\"font-weight: 400;\"><strong>Prepar\u00e1ndose para la gruesa<\/strong><\/p>\n<p style=\"font-weight: 400;\">El ingeniero agr\u00f3nomo Carlos Comas, Gerente de Riesgos Agropecuarios y Forestales del Grupo Asegurador La Segunda, cont\u00f3 que por estos d\u00edas la mayor demanda se est\u00e1 concentrando en el seguro con resiembra por quintales fijos. \u00abPara la gruesa es un producto exclusivo, que nos diferencia en el mercado\u00bb, resalt\u00f3.<\/p>\n<p style=\"font-weight: 400;\">Adem\u00e1s, el referente el \u00e1rea agropecuaria de La Segunda destac\u00f3 que finalizando la contrataci\u00f3n para la campa\u00f1a fina, qued\u00f3 en claro que los productores agropecuarios volvieron a confiar en la contrataci\u00f3n del ciclo productivo completo.<\/p>\n<p style=\"font-weight: 400;\">\u00abEstamos terminando de comercializar la campa\u00f1a fina y los productores en forma conjunta contratan el aseguramiento de los cultivos de cosecha gruesa. Tenemos promociones, descuentos por la contrataci\u00f3n de los dos\u00bb, precis\u00f3 Comas.<\/p>\n<p style=\"font-weight: 400;\"><strong>Tendencia positiva<\/strong><\/p>\n<p style=\"font-weight: 400;\">Los primeros n\u00fameros de este ciclo productivo son m\u00e1s que positivos para La Segunda. En cosecha fina la compa\u00f1\u00eda registr\u00f3 un aumento del 10 % de la superficie asegurada. Comas consider\u00f3 que la tendencia tiene que ver con las buenas condiciones de cultivo.<\/p>\n<p style=\"font-weight: 400;\">\u00abLa humedad que hubo desde el inicio influy\u00f3, la zona sur de Argentina est\u00e1 con buena humedad, ac\u00e1 est\u00e1 un poco m\u00e1s regular pero se est\u00e1 acomodando con algo de lluvia. Hay un buen desarrollo de los cultivos de fina, con buenos precios internacionales, y eso lleva a la decisi\u00f3n de tomar el seguro\u00bb, describi\u00f3.<\/p>\n<p style=\"font-weight: 400;\"><strong>Un aliado estrat\u00e9gico del productor<\/strong><\/p>\n<p style=\"font-weight: 400;\">El Grupo Asegurador La Segunda -como un aliado estrat\u00e9gico del productor en la permanente b\u00fasqueda de dar previsibilidad y proteger la producci\u00f3n- cuenta con especialistas en cada \u00e1rea que dise\u00f1an productos \u00fanicos en el mercado, para proteger econ\u00f3micamente la producci\u00f3n de sus asegurados.<\/p>\n<p style=\"font-weight: 400;\">La compa\u00f1\u00eda presenta una amplia paleta de coberturas para el segmento agropecuario. En granos, cuenta con una cobertura b\u00e1sica que incluye los riesgos de granizo, incendio de cultivo y rastrojo, y resiembra y tambi\u00e9n existen adicionales para el planchado de suelos, heladas, especialmente las que ocurren despu\u00e9s del 1\u00ba de octubre y que toma a los cultivos de fina terminando su ciclo y a los de gruesa con la emergencia. Asimismo, se pueden anexar las coberturas de viento para cebada, trigo, ma\u00edz y soja.<\/p>\n<p style=\"font-weight: 400;\">Todas estas coberturas se encuentran en\u00a0<a href=\"https:\/\/granizo4x4.com.ar\/\" data-saferedirecturl=\"https:\/\/www.google.com\/url?q=https:\/\/granizo4x4.com.ar\/&amp;source=gmail&amp;ust=1634151069324000&amp;usg=AFQjCNHcmy46_lnpxNpAwV4cFSm-OeWgyw\">granizo4x4.com.ar<\/a><\/p>\n","protected":false},"excerpt":{"rendered":"<p>El Grupo Asegurador La Segunda fue la compa\u00f1\u00eda m\u00e1s elegida por los productores agropecuarios. Lidera el ranking de empresas con mayor volumen de primas que elabora la Superintendencia de Seguros de la Naci\u00f3n La campa\u00f1a de granos 2021\/22 avanza y el escenario para el nuevo ciclo es de crecimiento. En las \u00faltimas estimaciones agr\u00edcolas, la&#8230; <\/p>\n<div class=\"link-more\"><a href=\"https:\/\/aapas.org.ar\/portal\/2021\/10\/13\/con-5-millones-de-hectareas-aseguradas-la-segunda-reafirma-su-liderazgo-en-el-agro\/\">Lea m\u00e1s<\/a><\/div>\n","protected":false},"author":1,"featured_media":7885,"comment_status":"closed","ping_status":"closed","sticky":false,"template":"","format":"standard","meta":{"_jetpack_memberships_contains_paid_content":false,"footnotes":""},"categories":[7,16],"tags":[],"class_list":["post-7884","post","type-post","status-publish","format-standard","has-post-thumbnail","hentry","category-noticias","category-novedades-en-el-mundo-del-seguro"],"jetpack_featured_media_url":"https:\/\/aapas.org.ar\/portal\/wp-content\/uploads\/2021\/10\/L2_Gruesa-IG-Fbk1080x1080.jpg","jetpack_sharing_enabled":true,"rttpg_featured_image_url":{"full":["https:\/\/aapas.org.ar\/portal\/wp-content\/uploads\/2021\/10\/L2_Gruesa-IG-Fbk1080x1080.jpg",1080,1080,false],"landscape":["https:\/\/aapas.org.ar\/portal\/wp-content\/uploads\/2021\/10\/L2_Gruesa-IG-Fbk1080x1080.jpg",1080,1080,false],"portraits":["https:\/\/aapas.org.ar\/portal\/wp-content\/uploads\/2021\/10\/L2_Gruesa-IG-Fbk1080x1080.jpg",1080,1080,false],"thumbnail":["https:\/\/aapas.org.ar\/portal\/wp-content\/uploads\/2021\/10\/L2_Gruesa-IG-Fbk1080x1080-150x150.jpg",150,150,true],"medium":["https:\/\/aapas.org.ar\/portal\/wp-content\/uploads\/2021\/10\/L2_Gruesa-IG-Fbk1080x1080-300x300.jpg",300,300,true],"large":["https:\/\/aapas.org.ar\/portal\/wp-content\/uploads\/2021\/10\/L2_Gruesa-IG-Fbk1080x1080-1024x1024.jpg",1000,1000,true],"1536x1536":["https:\/\/aapas.org.ar\/portal\/wp-content\/uploads\/2021\/10\/L2_Gruesa-IG-Fbk1080x1080.jpg",1080,1080,false],"2048x2048":["https:\/\/aapas.org.ar\/portal\/wp-content\/uploads\/2021\/10\/L2_Gruesa-IG-Fbk1080x1080.jpg",1080,1080,false],"dyad-banner":["https:\/\/aapas.org.ar\/portal\/wp-content\/uploads\/2021\/10\/L2_Gruesa-IG-Fbk1080x1080-1080x720.jpg",1080,720,true],"dyad-thumbnails":["https:\/\/aapas.org.ar\/portal\/wp-content\/uploads\/2021\/10\/L2_Gruesa-IG-Fbk1080x1080-630x840.jpg",630,840,true],"dyad-featured-image":["https:\/\/aapas.org.ar\/portal\/wp-content\/uploads\/2021\/10\/L2_Gruesa-IG-Fbk1080x1080-960x1080.jpg",960,1080,true],"dyad-featured-image-horz":["https:\/\/aapas.org.ar\/portal\/wp-content\/uploads\/2021\/10\/L2_Gruesa-IG-Fbk1080x1080-960x640.jpg",960,640,true],"dyad-site-logo":["https:\/\/aapas.org.ar\/portal\/wp-content\/uploads\/2021\/10\/L2_Gruesa-IG-Fbk1080x1080-300x300.jpg",300,300,true]},"rttpg_author":{"display_name":"AAPAS","author_link":"https:\/\/aapas.org.ar\/portal\/author\/aapas_44dyx0\/"},"rttpg_comment":0,"rttpg_category":"<a href=\"https:\/\/aapas.org.ar\/portal\/category\/noticias\/\" rel=\"category tag\">Noticias<\/a> <a href=\"https:\/\/aapas.org.ar\/portal\/category\/noticias\/novedades-en-el-mundo-del-seguro\/\" rel=\"category tag\">Novedades en el mundo del seguro<\/a>","rttpg_excerpt":"El Grupo Asegurador La Segunda fue la compa\u00f1\u00eda m\u00e1s elegida por los productores agropecuarios. Lidera el ranking de empresas con mayor volumen de primas que elabora la Superintendencia de Seguros de la Naci\u00f3n La campa\u00f1a de granos 2021\/22 avanza y el escenario para el nuevo ciclo es de crecimiento. En las \u00faltimas estimaciones agr\u00edcolas, la...&hellip;","_links":{"self":[{"href":"https:\/\/aapas.org.ar\/portal\/wp-json\/wp\/v2\/posts\/7884","targetHints":{"allow":["GET"]}}],"collection":[{"href":"https:\/\/aapas.org.ar\/portal\/wp-json\/wp\/v2\/posts"}],"about":[{"href":"https:\/\/aapas.org.ar\/portal\/wp-json\/wp\/v2\/types\/post"}],"author":[{"embeddable":true,"href":"https:\/\/aapas.org.ar\/portal\/wp-json\/wp\/v2\/users\/1"}],"replies":[{"embeddable":true,"href":"https:\/\/aapas.org.ar\/portal\/wp-json\/wp\/v2\/comments?post=7884"}],"version-history":[{"count":1,"href":"https:\/\/aapas.org.ar\/portal\/wp-json\/wp\/v2\/posts\/7884\/revisions"}],"predecessor-version":[{"id":7886,"href":"https:\/\/aapas.org.ar\/portal\/wp-json\/wp\/v2\/posts\/7884\/revisions\/7886"}],"wp:featuredmedia":[{"embeddable":true,"href":"https:\/\/aapas.org.ar\/portal\/wp-json\/wp\/v2\/media\/7885"}],"wp:attachment":[{"href":"https:\/\/aapas.org.ar\/portal\/wp-json\/wp\/v2\/media?parent=7884"}],"wp:term":[{"taxonomy":"category","embeddable":true,"href":"https:\/\/aapas.org.ar\/portal\/wp-json\/wp\/v2\/categories?post=7884"},{"taxonomy":"post_tag","embeddable":true,"href":"https:\/\/aapas.org.ar\/portal\/wp-json\/wp\/v2\/tags?post=7884"}],"curies":[{"name":"wp","href":"https:\/\/api.w.org\/{rel}","templated":true}]}}