{"id":8005,"date":"2021-11-04T14:19:16","date_gmt":"2021-11-04T14:19:16","guid":{"rendered":"https:\/\/aapas.org.ar\/portal\/?p=8005"},"modified":"2021-11-04T14:19:16","modified_gmt":"2021-11-04T14:19:16","slug":"provincia-art-y-la-universidad-de-lomas-de-zamora-promueven-el-desarrollo-profesional-de-las-mujeres","status":"publish","type":"post","link":"https:\/\/aapas.org.ar\/portal\/2021\/11\/04\/provincia-art-y-la-universidad-de-lomas-de-zamora-promueven-el-desarrollo-profesional-de-las-mujeres\/","title":{"rendered":"Provincia ART y la Universidad de Lomas de Zamora promueven el desarrollo profesional de las mujeres"},"content":{"rendered":"<p class=\"m_4297289616337089913xparagraph\"><span class=\"m_4297289616337089913xnormaltextrun\"><span lang=\"ES\">Provincia ART, una de las aseguradoras de Grupo Provincia, y la Universidad de Lomas de Zamora promueven el desarrollo profesional de las mujeres en el \u00e1mbito de\u00a0la Seguridad e Higiene (H&amp;S) a trav\u00e9s de un convenio marco que contempla la investigaci\u00f3n, formaci\u00f3n y pr\u00e1cticas profesionales.\u00a0<\/span><\/span><u><\/u><u><\/u><\/p>\n<p class=\"m_4297289616337089913xparagraph\"><span class=\"m_4297289616337089913xnormaltextrun\"><span lang=\"ES\">Hasta 2019, s\u00f3lo el 20% de quienes egresaron de la Facultad de Ingenier\u00eda de la Universidad de Lomas de Zamora eran mujeres, lo que refleja ser un espacio tradicionalmente masculinizado. Con el objetivo de disminuir esta brecha de g\u00e9nero, Provincia ART se uni\u00f3 a la casa de altos estudios para sellar una alianza que permita realizar diagn\u00f3sticos y an\u00e1lisis cuantitativos desde la variable g\u00e9nero, un programa vocacional, un sistema de becas, capacitaciones y encuentros, din\u00e1micas\u00a0de mentor\u00edas, y pr\u00e1cticas profesionalizantes en la aseguradora.\u00a0<\/span><\/span><span class=\"m_4297289616337089913xeop\">\u00a0<\/span><u><\/u><u><\/u><\/p>\n<p class=\"m_4297289616337089913xparagraph\"><span class=\"m_4297289616337089913xnormaltextrun\"><span lang=\"ES\">Entre los temas propios de\u00a0la H&amp;S\u00a0ligados al g\u00e9nero cabe se\u00f1alar: los comentarios sobre el aspecto f\u00edsico al concurrir al campo (la obra, la f\u00e1brica, el yacimiento); el prejuicio de que la mujer no tiene la misma pericia t\u00e9cnica que el hombre; la dificultad para ser reconocida y valorada al momento de capacitar a trabajadores hombres (especialmente en obras, industria pesada, petr\u00f3leo y miner\u00eda); la falta de adecuaci\u00f3n de las instalaciones para albergar mujeres (por ejemplo, en campamentos petroleros o minas); y el preconcepto de que la mujer \u201cno tiene car\u00e1cter\u201d y por eso se le dificulta convencer a los hombres de que es necesario realizar cambios al proceso productivo por motivos preventivos.<\/span><\/span><u><\/u><u><\/u><\/p>\n<p class=\"m_4297289616337089913xparagraph\"><span class=\"m_4297289616337089913xnormaltextrun\"><span lang=\"ES\">\u201cTrabajamos para cambiar la realidad en torno a esta problem\u00e1tica con\u00a0<\/span>pol\u00edticas enfocadas en el desarrollo, la inclusi\u00f3n y la perspectiva de g\u00e9nero, las mismas que lleva adelante el Gobierno de la provincia de Buenos Aires\u201d, asegur\u00f3 al respecto\u00a0Mariela\u00a0Ricciuti, vicepresidenta\u00a0<\/span><span class=\"m_4297289616337089913xnormaltextrun\"><span lang=\"ES\">de la ART\u00a0n\u00b0\u00a01 en\u00a0c\u00e1pitas\u00a0a nivel pa\u00eds.\u00a0<\/span><\/span><span class=\"m_4297289616337089913xeop\">\u00a0<\/span><u><\/u><u><\/u><span class=\"m_4297289616337089913xnormaltextrun\"><span lang=\"ES\">\u00a0<\/span><\/span><u><\/u><u><\/u><\/p>\n<p class=\"m_4297289616337089913xparagraph\"><span class=\"m_4297289616337089913xnormaltextrun\"><span lang=\"ES\">Por su parte, el decano de la Facultad de Ingenier\u00eda de la Universidad de Lomas de Zamora, Oscar Pascual, asegur\u00f3: \u00abEn la Ingenier\u00eda y las carreras t\u00e9cnicas hay estereotipos que est\u00e1n pensados para que las mujeres ni siquiera quieran venir. Eso est\u00e1 mal y hay que resolverlo. Celebro la iniciativa de este convenio porque ayuda a cumplir con una de las premisas que se plantean desde CONFEDI (Consejo Federal de Decanos de Ingenier\u00eda) y en el \u00faltimo CLADI (Congreso Latinoamericano de Ingenier\u00eda): las Ingenier\u00edas y las carreras t\u00e9cnicas son mejores con la participaci\u00f3n de las mujeres.\u202f Entonces tenemos que preguntarnos por qu\u00e9 no est\u00e1n, y es nuestro deber ayudar a que m\u00e1s mujeres estudien y se grad\u00faen en estos campos\u201d.<\/span><\/span><span class=\"m_4297289616337089913xeop\">\u00a0<\/span><u><\/u><u><\/u><\/p>\n<p class=\"m_4297289616337089913xparagraph\"><span class=\"m_4297289616337089913xnormaltextrun\"><span lang=\"ES\">Este convenio busca estimular y acompa\u00f1ar el desarrollo profesional de las mujeres en el \u00e1mbito de la Seguridad Higiene -tanto de las trabajadoras de Provincia ART como de las que desarrollan tareas en los establecimientos de nuestros clientes-, para generar mayores y mejores oportunidades, a trav\u00e9s de la intervenci\u00f3n de la vida profesional de la mujer higienista en 3 estadios: preuniversitario, universitario y post universitario.\u00a0La\u00a0propuesta apunta a intervenir en cada uno de\u00a0estos momentos claves\u00a0con el fin de incentivar el estudio de la carrera, ayudar a concluirla y promover el desarrollo laboral de las mujeres en este \u00e1mbito.<\/span><\/span><span class=\"m_4297289616337089913xeop\">\u00a0<\/span><u><\/u><u><\/u><\/p>\n<p class=\"m_4297289616337089913xparagraph\"><span class=\"m_4297289616337089913xnormaltextrun\"><span lang=\"ES\">La r\u00fabrica del convenio marco tuvo lugar en las oficinas de la aseguradora\u00a0y cont\u00f3 con la participaci\u00f3n de Oscar Pascual y Julia Balestrini, directora de Tecnolog\u00eda y Prevenci\u00f3n de Provincia ART.<\/span><\/span><span class=\"m_4297289616337089913xeop\">\u00a0<\/span><\/p>\n","protected":false},"excerpt":{"rendered":"<p>Provincia ART, una de las aseguradoras de Grupo Provincia, y la Universidad de Lomas de Zamora promueven el desarrollo profesional de las mujeres en el \u00e1mbito de\u00a0la Seguridad e Higiene (H&amp;S) a trav\u00e9s de un convenio marco que contempla la investigaci\u00f3n, formaci\u00f3n y pr\u00e1cticas profesionales.\u00a0 Hasta 2019, s\u00f3lo el 20% de quienes egresaron de la&#8230; <\/p>\n<div class=\"link-more\"><a href=\"https:\/\/aapas.org.ar\/portal\/2021\/11\/04\/provincia-art-y-la-universidad-de-lomas-de-zamora-promueven-el-desarrollo-profesional-de-las-mujeres\/\">Lea m\u00e1s<\/a><\/div>\n","protected":false},"author":1,"featured_media":8006,"comment_status":"closed","ping_status":"closed","sticky":false,"template":"","format":"standard","meta":{"_jetpack_memberships_contains_paid_content":false,"footnotes":""},"categories":[7,16],"tags":[],"class_list":["post-8005","post","type-post","status-publish","format-standard","has-post-thumbnail","hentry","category-noticias","category-novedades-en-el-mundo-del-seguro"],"jetpack_featured_media_url":"https:\/\/aapas.org.ar\/portal\/wp-content\/uploads\/2021\/11\/Firma-convenio-ART-scaled.jpg","jetpack_sharing_enabled":true,"rttpg_featured_image_url":{"full":["https:\/\/aapas.org.ar\/portal\/wp-content\/uploads\/2021\/11\/Firma-convenio-ART-scaled.jpg",2560,1703,false],"landscape":["https:\/\/aapas.org.ar\/portal\/wp-content\/uploads\/2021\/11\/Firma-convenio-ART-scaled.jpg",2560,1703,false],"portraits":["https:\/\/aapas.org.ar\/portal\/wp-content\/uploads\/2021\/11\/Firma-convenio-ART-scaled.jpg",2560,1703,false],"thumbnail":["https:\/\/aapas.org.ar\/portal\/wp-content\/uploads\/2021\/11\/Firma-convenio-ART-150x150.jpg",150,150,true],"medium":["https:\/\/aapas.org.ar\/portal\/wp-content\/uploads\/2021\/11\/Firma-convenio-ART-300x200.jpg",300,200,true],"large":["https:\/\/aapas.org.ar\/portal\/wp-content\/uploads\/2021\/11\/Firma-convenio-ART-1024x681.jpg",1000,665,true],"1536x1536":["https:\/\/aapas.org.ar\/portal\/wp-content\/uploads\/2021\/11\/Firma-convenio-ART-1536x1022.jpg",1536,1022,true],"2048x2048":["https:\/\/aapas.org.ar\/portal\/wp-content\/uploads\/2021\/11\/Firma-convenio-ART-2048x1363.jpg",2048,1363,true],"dyad-banner":["https:\/\/aapas.org.ar\/portal\/wp-content\/uploads\/2021\/11\/Firma-convenio-ART-1800x720.jpg",1800,720,true],"dyad-thumbnails":["https:\/\/aapas.org.ar\/portal\/wp-content\/uploads\/2021\/11\/Firma-convenio-ART-630x840.jpg",630,840,true],"dyad-featured-image":["https:\/\/aapas.org.ar\/portal\/wp-content\/uploads\/2021\/11\/Firma-convenio-ART-960x1280.jpg",960,1280,true],"dyad-featured-image-horz":["https:\/\/aapas.org.ar\/portal\/wp-content\/uploads\/2021\/11\/Firma-convenio-ART-960x640.jpg",960,640,true],"dyad-site-logo":["https:\/\/aapas.org.ar\/portal\/wp-content\/uploads\/2021\/11\/Firma-convenio-ART-451x300.jpg",451,300,true]},"rttpg_author":{"display_name":"AAPAS","author_link":"https:\/\/aapas.org.ar\/portal\/author\/aapas_44dyx0\/"},"rttpg_comment":0,"rttpg_category":"<a href=\"https:\/\/aapas.org.ar\/portal\/category\/noticias\/\" rel=\"category tag\">Noticias<\/a> <a href=\"https:\/\/aapas.org.ar\/portal\/category\/noticias\/novedades-en-el-mundo-del-seguro\/\" rel=\"category tag\">Novedades en el mundo del seguro<\/a>","rttpg_excerpt":"Provincia ART, una de las aseguradoras de Grupo Provincia, y la Universidad de Lomas de Zamora promueven el desarrollo profesional de las mujeres en el \u00e1mbito de\u00a0la Seguridad e Higiene (H&amp;S) a trav\u00e9s de un convenio marco que contempla la investigaci\u00f3n, formaci\u00f3n y pr\u00e1cticas profesionales.\u00a0 Hasta 2019, s\u00f3lo el 20% de quienes egresaron de la...&hellip;","_links":{"self":[{"href":"https:\/\/aapas.org.ar\/portal\/wp-json\/wp\/v2\/posts\/8005","targetHints":{"allow":["GET"]}}],"collection":[{"href":"https:\/\/aapas.org.ar\/portal\/wp-json\/wp\/v2\/posts"}],"about":[{"href":"https:\/\/aapas.org.ar\/portal\/wp-json\/wp\/v2\/types\/post"}],"author":[{"embeddable":true,"href":"https:\/\/aapas.org.ar\/portal\/wp-json\/wp\/v2\/users\/1"}],"replies":[{"embeddable":true,"href":"https:\/\/aapas.org.ar\/portal\/wp-json\/wp\/v2\/comments?post=8005"}],"version-history":[{"count":1,"href":"https:\/\/aapas.org.ar\/portal\/wp-json\/wp\/v2\/posts\/8005\/revisions"}],"predecessor-version":[{"id":8007,"href":"https:\/\/aapas.org.ar\/portal\/wp-json\/wp\/v2\/posts\/8005\/revisions\/8007"}],"wp:featuredmedia":[{"embeddable":true,"href":"https:\/\/aapas.org.ar\/portal\/wp-json\/wp\/v2\/media\/8006"}],"wp:attachment":[{"href":"https:\/\/aapas.org.ar\/portal\/wp-json\/wp\/v2\/media?parent=8005"}],"wp:term":[{"taxonomy":"category","embeddable":true,"href":"https:\/\/aapas.org.ar\/portal\/wp-json\/wp\/v2\/categories?post=8005"},{"taxonomy":"post_tag","embeddable":true,"href":"https:\/\/aapas.org.ar\/portal\/wp-json\/wp\/v2\/tags?post=8005"}],"curies":[{"name":"wp","href":"https:\/\/api.w.org\/{rel}","templated":true}]}}