{"id":8029,"date":"2021-11-10T16:56:34","date_gmt":"2021-11-10T16:56:34","guid":{"rendered":"https:\/\/aapas.org.ar\/portal\/?p=8029"},"modified":"2021-11-10T16:56:34","modified_gmt":"2021-11-10T16:56:34","slug":"discapacidad-e-inclusion-cuando-se-puede-conducir","status":"publish","type":"post","link":"https:\/\/aapas.org.ar\/portal\/2021\/11\/10\/discapacidad-e-inclusion-cuando-se-puede-conducir\/","title":{"rendered":"Discapacidad e inclusi\u00f3n: \u00bfCu\u00e1ndo se puede conducir?"},"content":{"rendered":"<p><em>El tr\u00e1mite para el permiso de conducir de una persona con discapacidad en Argentina es el mismo que para cualquier persona.<\/em><\/p>\n<p>En Argentina alrededor de un 10% de la poblaci\u00f3n tiene alg\u00fan tipo de discapacidad. Sin embargo, no es un limitante a la hora de manejar un veh\u00edculo. M\u00e1s de 75 mil personas tienen su licencia especial vigente para veh\u00edculos adaptados.<\/p>\n<p>Seg\u00fan el INDEC, m\u00e1s de 3 millones y medio de argentinos padecen alguna discapacidad, entre las que prevalecen la motora, la visual, la auditiva y la mental-cognitiva. En cuanto a la conducci\u00f3n de veh\u00edculos, las personas con discapacidad pueden conducir correctamente un veh\u00edculo, seg\u00fan cual sea su limitaci\u00f3n f\u00edsica o sensorial. Entonces, salvo los casos donde la persona padece disminuci\u00f3n sensitivomotora, enfermedades o anomal\u00edas progresivas, la licencia de conducir puede ser tramitada por todos aquellos que tienen integridad f\u00edsica para poder conducir, es decir, aquellos que tienen una correcta funci\u00f3n de sus extremidades que no le impida un correcto manejo de los dispositivos del veh\u00edculo.<\/p>\n<p>Si el conductor necesita adaptar el veh\u00edculo para un manejo eficiente, debe gestionar una licencia clase F, que es complementaria de la categor\u00eda que los habilite a conducir seg\u00fan el porte de veh\u00edculo. Las modificaciones que se le realicen al veh\u00edculo deben permitirle al conductor alcanzar todos los mandos que garantice una conducci\u00f3n segura y c\u00f3moda<\/p>\n<div>\nMuchas de las minusval\u00edas de los miembros se solucionan acoplando a los mandos del veh\u00edculo dispositivos que permitan conducirlos de una manera especial de forma segura y c\u00f3moda. Lo mismo ocurre si las pr\u00f3tesis utilizadas suplen perfectamente al miembro sustituido. Y en los casos de visi\u00f3n monocular o hipoacusia, se a\u00f1aden accesorios al veh\u00edculo, como son los espejos retrovisores a ambos lados o el retrovisor interior panor\u00e1mico, de modo que queden cubiertos todos los riesgos que puedan implicar estas deficiencias.\n<\/div>\n<p><strong>La Tecnolog\u00eda como una aliada que amplifica las capacidades<\/strong><\/p>\n<div>Es recomendable que, a la hora de manejar, las personas se sientan seguras y cuidadas, para ello ITURAN desarroll\u00f3 una soluci\u00f3n tecnol\u00f3gica para prestar su servicio ITURAN EMERGENCIA, que acompa\u00f1a a los conductores durante su viaje a lo largo del pa\u00eds las 24 hs. los 365 d\u00edas del a\u00f1o. Este servicio permite el recupero del veh\u00edculo ante un robo,\u00a0 con el adicional de\u00a0 que brinda asistencia al conductor y a los acompa\u00f1antes ante un accidente, mediante el env\u00edo de fuerzas de seguridad y de salud a trav\u00e9s de polic\u00eda, bomberos y ambulancias.<\/p>\n<p>Ante la detecci\u00f3n autom\u00e1tica de un choque de relevancia o al recibir el llamado del cliente al Centro de Comando y Control de la empresa, inmediatamente se desplaza personal especializado a la zona. Por otro lado, su APP permite realizar llamadas de emergencia directas desde el celular, la visualizaci\u00f3n de la ubicaci\u00f3n en tiempo real, y el historial de recorrido, activar alertas de velocidad y de zonas seguras y recibir alertas en el caso de desconexi\u00f3n de la bater\u00eda.<\/p><\/div>\n","protected":false},"excerpt":{"rendered":"<p>El tr\u00e1mite para el permiso de conducir de una persona con discapacidad en Argentina es el mismo que para cualquier persona. En Argentina alrededor de un 10% de la poblaci\u00f3n tiene alg\u00fan tipo de discapacidad. Sin embargo, no es un limitante a la hora de manejar un veh\u00edculo. M\u00e1s de 75 mil personas tienen su&#8230; <\/p>\n<div class=\"link-more\"><a href=\"https:\/\/aapas.org.ar\/portal\/2021\/11\/10\/discapacidad-e-inclusion-cuando-se-puede-conducir\/\">Lea m\u00e1s<\/a><\/div>\n","protected":false},"author":1,"featured_media":8030,"comment_status":"closed","ping_status":"closed","sticky":false,"template":"","format":"standard","meta":{"_jetpack_memberships_contains_paid_content":false,"footnotes":""},"categories":[7,16],"tags":[],"class_list":["post-8029","post","type-post","status-publish","format-standard","has-post-thumbnail","hentry","category-noticias","category-novedades-en-el-mundo-del-seguro"],"jetpack_featured_media_url":"https:\/\/aapas.org.ar\/portal\/wp-content\/uploads\/2021\/11\/unnamed-31.jpg","jetpack_sharing_enabled":true,"rttpg_featured_image_url":{"full":["https:\/\/aapas.org.ar\/portal\/wp-content\/uploads\/2021\/11\/unnamed-31.jpg",600,400,false],"landscape":["https:\/\/aapas.org.ar\/portal\/wp-content\/uploads\/2021\/11\/unnamed-31.jpg",600,400,false],"portraits":["https:\/\/aapas.org.ar\/portal\/wp-content\/uploads\/2021\/11\/unnamed-31.jpg",600,400,false],"thumbnail":["https:\/\/aapas.org.ar\/portal\/wp-content\/uploads\/2021\/11\/unnamed-31-150x150.jpg",150,150,true],"medium":["https:\/\/aapas.org.ar\/portal\/wp-content\/uploads\/2021\/11\/unnamed-31-300x200.jpg",300,200,true],"large":["https:\/\/aapas.org.ar\/portal\/wp-content\/uploads\/2021\/11\/unnamed-31.jpg",600,400,false],"1536x1536":["https:\/\/aapas.org.ar\/portal\/wp-content\/uploads\/2021\/11\/unnamed-31.jpg",600,400,false],"2048x2048":["https:\/\/aapas.org.ar\/portal\/wp-content\/uploads\/2021\/11\/unnamed-31.jpg",600,400,false],"dyad-banner":["https:\/\/aapas.org.ar\/portal\/wp-content\/uploads\/2021\/11\/unnamed-31.jpg",600,400,false],"dyad-thumbnails":["https:\/\/aapas.org.ar\/portal\/wp-content\/uploads\/2021\/11\/unnamed-31.jpg",600,400,false],"dyad-featured-image":["https:\/\/aapas.org.ar\/portal\/wp-content\/uploads\/2021\/11\/unnamed-31.jpg",600,400,false],"dyad-featured-image-horz":["https:\/\/aapas.org.ar\/portal\/wp-content\/uploads\/2021\/11\/unnamed-31.jpg",600,400,false],"dyad-site-logo":["https:\/\/aapas.org.ar\/portal\/wp-content\/uploads\/2021\/11\/unnamed-31-450x300.jpg",450,300,true]},"rttpg_author":{"display_name":"AAPAS","author_link":"https:\/\/aapas.org.ar\/portal\/author\/aapas_44dyx0\/"},"rttpg_comment":0,"rttpg_category":"<a href=\"https:\/\/aapas.org.ar\/portal\/category\/noticias\/\" rel=\"category tag\">Noticias<\/a> <a href=\"https:\/\/aapas.org.ar\/portal\/category\/noticias\/novedades-en-el-mundo-del-seguro\/\" rel=\"category tag\">Novedades en el mundo del seguro<\/a>","rttpg_excerpt":"El tr\u00e1mite para el permiso de conducir de una persona con discapacidad en Argentina es el mismo que para cualquier persona. En Argentina alrededor de un 10% de la poblaci\u00f3n tiene alg\u00fan tipo de discapacidad. Sin embargo, no es un limitante a la hora de manejar un veh\u00edculo. M\u00e1s de 75 mil personas tienen su...&hellip;","_links":{"self":[{"href":"https:\/\/aapas.org.ar\/portal\/wp-json\/wp\/v2\/posts\/8029","targetHints":{"allow":["GET"]}}],"collection":[{"href":"https:\/\/aapas.org.ar\/portal\/wp-json\/wp\/v2\/posts"}],"about":[{"href":"https:\/\/aapas.org.ar\/portal\/wp-json\/wp\/v2\/types\/post"}],"author":[{"embeddable":true,"href":"https:\/\/aapas.org.ar\/portal\/wp-json\/wp\/v2\/users\/1"}],"replies":[{"embeddable":true,"href":"https:\/\/aapas.org.ar\/portal\/wp-json\/wp\/v2\/comments?post=8029"}],"version-history":[{"count":1,"href":"https:\/\/aapas.org.ar\/portal\/wp-json\/wp\/v2\/posts\/8029\/revisions"}],"predecessor-version":[{"id":8031,"href":"https:\/\/aapas.org.ar\/portal\/wp-json\/wp\/v2\/posts\/8029\/revisions\/8031"}],"wp:featuredmedia":[{"embeddable":true,"href":"https:\/\/aapas.org.ar\/portal\/wp-json\/wp\/v2\/media\/8030"}],"wp:attachment":[{"href":"https:\/\/aapas.org.ar\/portal\/wp-json\/wp\/v2\/media?parent=8029"}],"wp:term":[{"taxonomy":"category","embeddable":true,"href":"https:\/\/aapas.org.ar\/portal\/wp-json\/wp\/v2\/categories?post=8029"},{"taxonomy":"post_tag","embeddable":true,"href":"https:\/\/aapas.org.ar\/portal\/wp-json\/wp\/v2\/tags?post=8029"}],"curies":[{"name":"wp","href":"https:\/\/api.w.org\/{rel}","templated":true}]}}