{"id":8170,"date":"2021-12-07T18:22:42","date_gmt":"2021-12-07T18:22:42","guid":{"rendered":"https:\/\/aapas.org.ar\/portal\/?p=8170"},"modified":"2021-12-07T18:22:42","modified_gmt":"2021-12-07T18:22:42","slug":"prevencion-art-ofrece-capacitaciones-a-los-trabajadores-del-sector-turistico","status":"publish","type":"post","link":"https:\/\/aapas.org.ar\/portal\/2021\/12\/07\/prevencion-art-ofrece-capacitaciones-a-los-trabajadores-del-sector-turistico\/","title":{"rendered":"Prevenci\u00f3n ART ofrece capacitaciones a los trabajadores del sector tur\u00edstico"},"content":{"rendered":"<p><i><span style=\"font-weight: 400;\">La Aseguradora de Riesgos del Trabajo l\u00edder del pa\u00eds desarroll\u00f3 un abanico de herramientas para capacitar y entrenar en distintos riesgos a los trabajadores de la actividad tur\u00edstica.<\/span><\/i><\/p>\n<p><span style=\"font-weight: 400;\">Ante el inicio inminente de la temporada alta, Prevenci\u00f3n ART lanza su programa de formaci\u00f3n para trabajadores del sector, que incluye distintas modalidades de capacitaci\u00f3n en prevenci\u00f3n de riesgos.\u00a0<\/span><\/p>\n<p><span style=\"font-weight: 400;\">Los destinatarios de las mismas son empleados de hoteles, comercios, restaurantes y dem\u00e1s servicios relacionados con el turismo, quienes cuentan con tres opciones bien diferenciadas:\u00a0<\/span><\/p>\n<p><b>Campus virtual<\/b><span style=\"font-weight: 400;\">. Se dictar\u00e1 un curso sobre prevenci\u00f3n de riesgos en hoteler\u00eda y gastronom\u00eda, que comienza el 07\/12\/2021 y estar\u00e1 disponible durante 3 semanas, para realizar en cualquier d\u00eda y horario. Cuenta con 10 m\u00f3dulos que incluyen riesgos como ca\u00eddas, golpes, cortes, quemaduras, sustancias peligrosas, entre otros.\u00a0<\/span><\/p>\n<p><b>Conferencias WEB. <\/b><span style=\"font-weight: 400;\">5 clases de 1 hora, en tiempo real, de lunes a viernes, a cargo de especialistas en cada tema a trav\u00e9s de la plataforma Cisco Webex. Las conferencias comienzan el 13\/12 a las 14:30 y se extender\u00e1n hasta el 17\/12, todos los d\u00edas en el mismo horario.\u00a0<\/span><\/p>\n<p><span style=\"font-weight: 400;\">Los temas a tratar son: riesgos generales, covid-19, RCP, incendios y riesgo el\u00e9ctrico.\u00a0<\/span><\/p>\n<p><b>Aplicaci\u00f3n m\u00f3vil. <\/b><span style=\"font-weight: 400;\">Estoy Seguro es una aplicaci\u00f3n para capacitar a los trabajadores a trav\u00e9s del tel\u00e9fono celular que incluye 8 temas generales, como manejo de materiales, orden y limpieza, manejo defensivo, entre otros, m\u00e1s un apartado especial de pausas activas.\u00a0<\/span><\/p>\n<p><span style=\"font-weight: 400;\">Para participar de cualquiera de estas propuestas, se requiere de inscripci\u00f3n previa y se accede a trav\u00e9s de un enlace que le llega por mail a cada inscripto.<\/span><\/p>\n<p><span style=\"font-weight: 400;\">Adem\u00e1s, en todas las opciones se emite un certificado al finalizar el curso, que se env\u00eda a cada empleado en formato digital y se realiza un sorteo de mochilas y auriculares entre todos los participantes.\u00a0<\/span><\/p>\n<p><span style=\"font-weight: 400;\">\u201c<\/span><i><span style=\"font-weight: 400;\">En este per\u00edodo de trabajo intensivo y gran circulaci\u00f3n de personas en los lugares tur\u00edsticos, es fundamental que los trabajadores de este sector est\u00e9n mejor preparados para identificar los riesgos y prevenirlos, que se entrenen para trabajar de manera segura<\/span><\/i><span style=\"font-weight: 400;\">\u201d, destac\u00f3 Mauricio Cattaneo, gerente de Salud y Seguridad Ocupacional de Prevenci\u00f3n ART.\u00a0<\/span><\/p>\n<p><span style=\"font-weight: 400;\">Para conocer en detalle los cursos y completar la inscripci\u00f3n, ingresar a este <\/span><a href=\"https:\/\/web.gruposancorseguros.com\/m\/PrevencionART\/68954\/PDF-CapacitacionesVerano-PART_V2.pdf\"><span style=\"font-weight: 400;\">link<\/span><\/a><span style=\"font-weight: 400;\">.\u00a0<\/span><\/p>\n","protected":false},"excerpt":{"rendered":"<p>La Aseguradora de Riesgos del Trabajo l\u00edder del pa\u00eds desarroll\u00f3 un abanico de herramientas para capacitar y entrenar en distintos riesgos a los trabajadores de la actividad tur\u00edstica. Ante el inicio inminente de la temporada alta, Prevenci\u00f3n ART lanza su programa de formaci\u00f3n para trabajadores del sector, que incluye distintas modalidades de capacitaci\u00f3n en prevenci\u00f3n&#8230; <\/p>\n<div class=\"link-more\"><a href=\"https:\/\/aapas.org.ar\/portal\/2021\/12\/07\/prevencion-art-ofrece-capacitaciones-a-los-trabajadores-del-sector-turistico\/\">Lea m\u00e1s<\/a><\/div>\n","protected":false},"author":1,"featured_media":0,"comment_status":"closed","ping_status":"closed","sticky":false,"template":"","format":"standard","meta":{"_jetpack_memberships_contains_paid_content":false,"footnotes":""},"categories":[7,16],"tags":[],"class_list":["post-8170","post","type-post","status-publish","format-standard","hentry","category-noticias","category-novedades-en-el-mundo-del-seguro"],"jetpack_featured_media_url":"","jetpack_sharing_enabled":true,"rttpg_featured_image_url":null,"rttpg_author":{"display_name":"AAPAS","author_link":"https:\/\/aapas.org.ar\/portal\/author\/aapas_44dyx0\/"},"rttpg_comment":0,"rttpg_category":"<a href=\"https:\/\/aapas.org.ar\/portal\/category\/noticias\/\" rel=\"category tag\">Noticias<\/a> <a href=\"https:\/\/aapas.org.ar\/portal\/category\/noticias\/novedades-en-el-mundo-del-seguro\/\" rel=\"category tag\">Novedades en el mundo del seguro<\/a>","rttpg_excerpt":"La Aseguradora de Riesgos del Trabajo l\u00edder del pa\u00eds desarroll\u00f3 un abanico de herramientas para capacitar y entrenar en distintos riesgos a los trabajadores de la actividad tur\u00edstica. Ante el inicio inminente de la temporada alta, Prevenci\u00f3n ART lanza su programa de formaci\u00f3n para trabajadores del sector, que incluye distintas modalidades de capacitaci\u00f3n en prevenci\u00f3n...&hellip;","_links":{"self":[{"href":"https:\/\/aapas.org.ar\/portal\/wp-json\/wp\/v2\/posts\/8170","targetHints":{"allow":["GET"]}}],"collection":[{"href":"https:\/\/aapas.org.ar\/portal\/wp-json\/wp\/v2\/posts"}],"about":[{"href":"https:\/\/aapas.org.ar\/portal\/wp-json\/wp\/v2\/types\/post"}],"author":[{"embeddable":true,"href":"https:\/\/aapas.org.ar\/portal\/wp-json\/wp\/v2\/users\/1"}],"replies":[{"embeddable":true,"href":"https:\/\/aapas.org.ar\/portal\/wp-json\/wp\/v2\/comments?post=8170"}],"version-history":[{"count":1,"href":"https:\/\/aapas.org.ar\/portal\/wp-json\/wp\/v2\/posts\/8170\/revisions"}],"predecessor-version":[{"id":8171,"href":"https:\/\/aapas.org.ar\/portal\/wp-json\/wp\/v2\/posts\/8170\/revisions\/8171"}],"wp:attachment":[{"href":"https:\/\/aapas.org.ar\/portal\/wp-json\/wp\/v2\/media?parent=8170"}],"wp:term":[{"taxonomy":"category","embeddable":true,"href":"https:\/\/aapas.org.ar\/portal\/wp-json\/wp\/v2\/categories?post=8170"},{"taxonomy":"post_tag","embeddable":true,"href":"https:\/\/aapas.org.ar\/portal\/wp-json\/wp\/v2\/tags?post=8170"}],"curies":[{"name":"wp","href":"https:\/\/api.w.org\/{rel}","templated":true}]}}